{"id":1052,"date":"2009-12-01T14:31:59","date_gmt":"2009-12-01T13:31:59","guid":{"rendered":"http:\/\/www.javierfalco.com\/blog\/?p=1052"},"modified":"2009-12-01T13:32:32","modified_gmt":"2009-12-01T12:32:32","slug":"nuevo-blog-sobre-fotografia","status":"publish","type":"post","link":"https:\/\/www.javierfalco.com\/blog\/nuevo-blog-sobre-fotografia\/","title":{"rendered":"Nuevo blog sobre fotograf\u00eda"},"content":{"rendered":"<p>Aunque imagino que quien lea esta l\u00edneas estar\u00e1 al tanto de esta noticia, nunca est\u00e1 de m\u00e1s hacer eco de la misma, pues vale la pena. Se trata de el \u00ab<a href=\"http:\/\/www.elfotografico.com\/\">El fotogr\u00e1fico<\/a>\u00bb un blog sobre fotograf\u00eda con excelentes art\u00edculos y una est\u00e9tica m\u00e1s que aceptable. Detr\u00e1s hay gente muy profesional y con gran experiencia, de la que puede aprender mucho de sus opiniones. Yo ya me he suscrito a su <a href=\"feed:\/\/www.elfotografico.com\/feed\/\">feed<\/a>. En el apartado \u00ab<a href=\"http:\/\/www.elfotografico.com\/acerca-de\/\">a cerca de<\/a>\u00ab, ten\u00e9is m\u00e1s informaci\u00f3n sobres sus autores y sobre su l\u00ednea editorial. Recomendado.<\/p>\n<p><img loading=\"lazy\" decoding=\"async\" class=\"alignleft size-full wp-image-1056 colorbox-1052\" title=\"Captura de pantalla 2009-12-01 a las 13.28.42\" src=\"https:\/\/www.javierfalco.com\/blog\/wp-content\/uploads\/2009\/12\/Captura-de-pantalla-2009-12-01-a-las-13.28.42.png\" alt=\"Captura de pantalla 2009-12-01 a las 13.28.42\" width=\"550\" height=\"476\" srcset=\"https:\/\/www.javierfalco.com\/blog\/wp-content\/uploads\/2009\/12\/Captura-de-pantalla-2009-12-01-a-las-13.28.42.png 550w, https:\/\/www.javierfalco.com\/blog\/wp-content\/uploads\/2009\/12\/Captura-de-pantalla-2009-12-01-a-las-13.28.42-300x259.png 300w\" sizes=\"auto, (max-width: 550px) 100vw, 550px\" \/><\/p>\n","protected":false},"excerpt":{"rendered":"<p>Aunque imagino que quien lea esta l\u00edneas estar\u00e1 al tanto de esta noticia, nunca est\u00e1 de m\u00e1s hacer eco de la misma, pues vale la pena. Se trata de el \u00abEl fotogr\u00e1fico\u00bb un blog sobre fotograf\u00eda con excelentes art\u00edculos y &hellip; <a href=\"https:\/\/www.javierfalco.com\/blog\/nuevo-blog-sobre-fotografia\/\">Sigue leyendo <span class=\"meta-nav\">&rarr;<\/span><\/a><\/p>\n","protected":false},"author":4,"featured_media":0,"comment_status":"open","ping_status":"open","sticky":false,"template":"","format":"standard","meta":{"footnotes":""},"categories":[1,83],"tags":[4,113],"class_list":["post-1052","post","type-post","status-publish","format-standard","hentry","category-general","category-noticias","tag-blog","tag-el-fotografico"],"_links":{"self":[{"href":"https:\/\/www.javierfalco.com\/blog\/wp-json\/wp\/v2\/posts\/1052","targetHints":{"allow":["GET"]}}],"collection":[{"href":"https:\/\/www.javierfalco.com\/blog\/wp-json\/wp\/v2\/posts"}],"about":[{"href":"https:\/\/www.javierfalco.com\/blog\/wp-json\/wp\/v2\/types\/post"}],"author":[{"embeddable":true,"href":"https:\/\/www.javierfalco.com\/blog\/wp-json\/wp\/v2\/users\/4"}],"replies":[{"embeddable":true,"href":"https:\/\/www.javierfalco.com\/blog\/wp-json\/wp\/v2\/comments?post=1052"}],"version-history":[{"count":6,"href":"https:\/\/www.javierfalco.com\/blog\/wp-json\/wp\/v2\/posts\/1052\/revisions"}],"predecessor-version":[{"id":1059,"href":"https:\/\/www.javierfalco.com\/blog\/wp-json\/wp\/v2\/posts\/1052\/revisions\/1059"}],"wp:attachment":[{"href":"https:\/\/www.javierfalco.com\/blog\/wp-json\/wp\/v2\/media?parent=1052"}],"wp:term":[{"taxonomy":"category","embeddable":true,"href":"https:\/\/www.javierfalco.com\/blog\/wp-json\/wp\/v2\/categories?post=1052"},{"taxonomy":"post_tag","embeddable":true,"href":"https:\/\/www.javierfalco.com\/blog\/wp-json\/wp\/v2\/tags?post=1052"}],"curies":[{"name":"wp","href":"https:\/\/api.w.org\/{rel}","templated":true}]}}