{"id":1060,"date":"2009-12-06T10:10:05","date_gmt":"2009-12-06T09:10:05","guid":{"rendered":"http:\/\/www.javierfalco.com\/blog\/?p=1060"},"modified":"2009-12-06T10:10:05","modified_gmt":"2009-12-06T09:10:05","slug":"proximo-destino-estambul","status":"publish","type":"post","link":"https:\/\/www.javierfalco.com\/blog\/proximo-destino-estambul\/","title":{"rendered":"Pr\u00f3ximo destino: Estambul"},"content":{"rendered":"<p>Pues si&#8230;\u00a0habi\u00e9ndome salido mal un viaje que ten\u00eda proyectado a Mali para esta navidades, no he podido alejar de mi la tentaci\u00f3n de irme al cualquier otro sitio y ya he sacado los billetes de avi\u00f3n.\u00a0En esta ocasi\u00f3n he escogido Estambul, por varios motivos.<\/p>\n<p>El primero y fundamental porque fotogr\u00e1ficamente da mucho juego, segundo porque culturalmente es muy interesante y tercero porque era unos de los pocos pa\u00edses que ni mi compa\u00f1era ni yo hemos estado anteriormente.<\/p>\n<p>A diferencia de mi anterior viaje a la Toscana, en el que antes de partir ten\u00eda varias cosas de archivo para el fotoblog, en esta ocasi\u00f3n me viene fenomenal para recargar mi mermada biblioteca de fotos, ya que en los \u00faltimos meses, apenas he podido hacer unas pocas fotos y tengo las arcas vac\u00edas. Si alguien ha estado por\u00a0Estambul\u00a0y quiere hacerme alguna sugerencia, sobre todo orientada a la fotograf\u00eda que es de lo que aqu\u00ed se trata&#8230;.soy todo <span style=\"text-decoration: line-through;\">o\u00eddos<\/span> ojos para leer vuestros comentarios. Salud para todos..<\/p>\n","protected":false},"excerpt":{"rendered":"<p>Pues si&#8230;\u00a0habi\u00e9ndome salido mal un viaje que ten\u00eda proyectado a Mali para esta navidades, no he podido alejar de mi la tentaci\u00f3n de irme al cualquier otro sitio y ya he sacado los billetes de avi\u00f3n.\u00a0En esta ocasi\u00f3n he escogido &hellip; <a href=\"https:\/\/www.javierfalco.com\/blog\/proximo-destino-estambul\/\">Sigue leyendo <span class=\"meta-nav\">&rarr;<\/span><\/a><\/p>\n","protected":false},"author":4,"featured_media":0,"comment_status":"open","ping_status":"open","sticky":false,"template":"","format":"standard","meta":{"footnotes":""},"categories":[1,25],"tags":[114,577],"class_list":["post-1060","post","type-post","status-publish","format-standard","hentry","category-general","category-viajes","tag-estambul","tag-viajes"],"_links":{"self":[{"href":"https:\/\/www.javierfalco.com\/blog\/wp-json\/wp\/v2\/posts\/1060","targetHints":{"allow":["GET"]}}],"collection":[{"href":"https:\/\/www.javierfalco.com\/blog\/wp-json\/wp\/v2\/posts"}],"about":[{"href":"https:\/\/www.javierfalco.com\/blog\/wp-json\/wp\/v2\/types\/post"}],"author":[{"embeddable":true,"href":"https:\/\/www.javierfalco.com\/blog\/wp-json\/wp\/v2\/users\/4"}],"replies":[{"embeddable":true,"href":"https:\/\/www.javierfalco.com\/blog\/wp-json\/wp\/v2\/comments?post=1060"}],"version-history":[{"count":6,"href":"https:\/\/www.javierfalco.com\/blog\/wp-json\/wp\/v2\/posts\/1060\/revisions"}],"predecessor-version":[{"id":1072,"href":"https:\/\/www.javierfalco.com\/blog\/wp-json\/wp\/v2\/posts\/1060\/revisions\/1072"}],"wp:attachment":[{"href":"https:\/\/www.javierfalco.com\/blog\/wp-json\/wp\/v2\/media?parent=1060"}],"wp:term":[{"taxonomy":"category","embeddable":true,"href":"https:\/\/www.javierfalco.com\/blog\/wp-json\/wp\/v2\/categories?post=1060"},{"taxonomy":"post_tag","embeddable":true,"href":"https:\/\/www.javierfalco.com\/blog\/wp-json\/wp\/v2\/tags?post=1060"}],"curies":[{"name":"wp","href":"https:\/\/api.w.org\/{rel}","templated":true}]}}