{"id":1067,"date":"2009-12-03T08:05:24","date_gmt":"2009-12-03T07:05:24","guid":{"rendered":"http:\/\/www.javierfalco.com\/blog\/?p=1067"},"modified":"2009-12-03T09:07:24","modified_gmt":"2009-12-03T08:07:24","slug":"ley-de-economia-sostenible","status":"publish","type":"post","link":"https:\/\/www.javierfalco.com\/blog\/ley-de-economia-sostenible\/","title":{"rendered":"En defensa de los derechos fundamentales en internet"},"content":{"rendered":"<p style=\"margin-top: 0px; margin-right: 0px; margin-bottom: 10px; margin-left: 0px; padding: 0px;\">Ante la inclusi\u00f3n en el Anteproyecto de Ley de Econom\u00eda sostenible de modificaciones legislativas que afectan al libre ejercicio de las libertades de expresi\u00f3n, informaci\u00f3n y el derecho de acceso a la cultura a trav\u00e9s de Internet, los periodistas, bloggers, usuarios, profesionales y creadores de internet manifestamos nuestra firme oposici\u00f3n al proyecto, y declaramos que\u2026<\/p>\n<ol style=\"padding-top: 0px; padding-right: 0px; padding-bottom: 10px; padding-left: 0px; margin: 0px;\">\n<li style=\"padding-top: 0px; padding-right: 0px; padding-bottom: 0px; padding-left: 20px; list-style-position: inside; margin: 0px;\"><strong>Los derechos de autor no pueden situarse por encima de los derechos fundamentales de los ciudadanos<\/strong>, como el derecho a la privacidad, a la seguridad, a la presunci\u00f3n de inocencia, a la tutela judicial efectiva y a la libertad de expresi\u00f3n.<\/li>\n<li style=\"padding-top: 0px; padding-right: 0px; padding-bottom: 0px; padding-left: 20px; list-style-position: inside; margin: 0px;\"><strong>La suspensi\u00f3n de derechos fundamentales es y debe seguir siendo competencia exclusiva del poder judicial.<\/strong> Ni un cierre sin sentencia. Este anteproyecto, en contra de lo establecido en el art\u00edculo 20.5 de la Constituci\u00f3n, pone en manos de un \u00f3rgano no judicial -un organismo dependiente del ministerio de Cultura-, la potestad de impedir a los ciudadanos espa\u00f1oles el acceso a cualquier p\u00e1gina web.<\/li>\n<li style=\"padding-top: 0px; padding-right: 0px; padding-bottom: 0px; padding-left: 20px; list-style-position: inside; margin: 0px;\"><strong>La nueva legislaci\u00f3n crear\u00e1 inseguridad jur\u00eddica en todo el sector tecnol\u00f3gico espa\u00f1ol<\/strong>, perjudicando uno de los pocos campos de desarrollo y futuro de nuestra econom\u00eda, entorpeciendo la creaci\u00f3n de empresas, introduciendo trabas a la libre competencia y ralentizando su proyecci\u00f3n internacional.<\/li>\n<li style=\"padding-top: 0px; padding-right: 0px; padding-bottom: 0px; padding-left: 20px; list-style-position: inside; margin: 0px;\"><strong>La nueva legislaci\u00f3n propuesta amenaza a los nuevos creadores y entorpece la creaci\u00f3n cultural<\/strong>. Con Internet y los sucesivos avances tecnol\u00f3gicos se ha democratizado extraordinariamente la creaci\u00f3n y emisi\u00f3n de contenidos de todo tipo, que ya no provienen prevalentemente de las industrias culturales tradicionales, sino de multitud de fuentes diferentes.<\/li>\n<li style=\"padding-top: 0px; padding-right: 0px; padding-bottom: 0px; padding-left: 20px; list-style-position: inside; margin: 0px;\"><strong>Los autores, como todos los trabajadores, tienen derecho a vivir de su trabajo con nuevas ideas creativas, modelos de negocio y actividades asociadas a sus creaciones<\/strong>. Intentar sostener con cambios legislativos a una industria obsoleta que no sabe adaptarse a este nuevo entorno no es ni justo ni realista. Si su modelo de negocio se basaba en el control de las copias de las obras y en Internet no es posible sin vulnerar derechos fundamentales, deber\u00edan buscar otro modelo.<\/li>\n<li style=\"padding-top: 0px; padding-right: 0px; padding-bottom: 0px; padding-left: 20px; list-style-position: inside; margin: 0px;\"><strong>Consideramos que las industrias culturales necesitan para sobrevivir alternativas modernas, eficaces, cre\u00edbles y asequibles<\/strong> y que se adecuen a los nuevos usos sociales, en lugar de limitaciones tan desproporcionadas como ineficaces para el fin que dicen perseguir.<\/li>\n<li style=\"padding-top: 0px; padding-right: 0px; padding-bottom: 0px; padding-left: 20px; list-style-position: inside; margin: 0px;\"><strong>Internet debe funcionar de forma libre y sin interferencias pol\u00edticas auspiciadas por sectores que pretenden perpetuar obsoletos modelos de negocio e imposibilitar que el saber humano siga siendo libre.<\/strong><\/li>\n<li style=\"padding-top: 0px; padding-right: 0px; padding-bottom: 0px; padding-left: 20px; list-style-position: inside; margin: 0px;\"><strong>Exigimos que el Gobierno garantice por ley la neutralidad de la Red en Espa\u00f1a<\/strong>, ante cualquier presi\u00f3n que pueda producirse, como marco para el desarrollo de una econom\u00eda sostenible y realista de cara al futuro.<\/li>\n<li style=\"padding-top: 0px; padding-right: 0px; padding-bottom: 0px; padding-left: 20px; list-style-position: inside; margin: 0px;\"><strong>Proponemos una verdadera reforma del derecho de propiedad intelectual orientada a su fin: devolver a la sociedad el conocimiento, promover el dominio p\u00fablico y limitar los abusos de las entidades gestoras.<\/strong><\/li>\n<li style=\"padding-top: 0px; padding-right: 0px; padding-bottom: 0px; padding-left: 20px; list-style-position: inside; margin: 0px;\"><strong>En democracia las leyes y sus modificaciones deben aprobarse tras el oportuno debate p\u00fablico y habiendo consultado previamente a todas las partes implicadas.<\/strong> No es de recibo que se realicen cambios legislativos que afectan a derechos fundamentales en una ley no org\u00e1nica y que versa sobre otra materia.<\/li>\n<\/ol>\n<p style=\"margin-top: 0px; margin-right: 0px; margin-bottom: 10px; margin-left: 0px; padding: 0px;\"><em><strong>Este texto se publica en multitud de sitios web. Si est\u00e1s de acuerdo, publ\u00edcalo tambi\u00e9n en tu blog, twitter,\u00a0 facebook\u2026<\/strong><\/em><\/p>\n","protected":false},"excerpt":{"rendered":"<p>Ante la inclusi\u00f3n en el Anteproyecto de Ley de Econom\u00eda sostenible de modificaciones legislativas que afectan al libre ejercicio de las libertades de expresi\u00f3n, informaci\u00f3n y el derecho de acceso a la cultura a trav\u00e9s de Internet, los periodistas, bloggers, &hellip; <a href=\"https:\/\/www.javierfalco.com\/blog\/ley-de-economia-sostenible\/\">Sigue leyendo <span class=\"meta-nav\">&rarr;<\/span><\/a><\/p>\n","protected":false},"author":4,"featured_media":0,"comment_status":"open","ping_status":"open","sticky":false,"template":"","format":"standard","meta":{"footnotes":""},"categories":[1,83],"tags":[116,7,115],"class_list":["post-1067","post","type-post","status-publish","format-standard","hentry","category-general","category-noticias","tag-derechos","tag-internet","tag-ley-de-economia-sostenible"],"_links":{"self":[{"href":"https:\/\/www.javierfalco.com\/blog\/wp-json\/wp\/v2\/posts\/1067","targetHints":{"allow":["GET"]}}],"collection":[{"href":"https:\/\/www.javierfalco.com\/blog\/wp-json\/wp\/v2\/posts"}],"about":[{"href":"https:\/\/www.javierfalco.com\/blog\/wp-json\/wp\/v2\/types\/post"}],"author":[{"embeddable":true,"href":"https:\/\/www.javierfalco.com\/blog\/wp-json\/wp\/v2\/users\/4"}],"replies":[{"embeddable":true,"href":"https:\/\/www.javierfalco.com\/blog\/wp-json\/wp\/v2\/comments?post=1067"}],"version-history":[{"count":3,"href":"https:\/\/www.javierfalco.com\/blog\/wp-json\/wp\/v2\/posts\/1067\/revisions"}],"predecessor-version":[{"id":1070,"href":"https:\/\/www.javierfalco.com\/blog\/wp-json\/wp\/v2\/posts\/1067\/revisions\/1070"}],"wp:attachment":[{"href":"https:\/\/www.javierfalco.com\/blog\/wp-json\/wp\/v2\/media?parent=1067"}],"wp:term":[{"taxonomy":"category","embeddable":true,"href":"https:\/\/www.javierfalco.com\/blog\/wp-json\/wp\/v2\/categories?post=1067"},{"taxonomy":"post_tag","embeddable":true,"href":"https:\/\/www.javierfalco.com\/blog\/wp-json\/wp\/v2\/tags?post=1067"}],"curies":[{"name":"wp","href":"https:\/\/api.w.org\/{rel}","templated":true}]}}