{"id":1110,"date":"2009-12-21T07:45:51","date_gmt":"2009-12-21T06:45:51","guid":{"rendered":"http:\/\/www.javierfalco.com\/blog\/?p=1110"},"modified":"2009-12-18T14:26:40","modified_gmt":"2009-12-18T13:26:40","slug":"iv-maraton-de-fotodonaciones-para-luchar-contra-la-malnutricion-y-el-desamparo-infantil-en-los-campos-de-refugiados-del-africa-subsahariana","status":"publish","type":"post","link":"https:\/\/www.javierfalco.com\/blog\/iv-maraton-de-fotodonaciones-para-luchar-contra-la-malnutricion-y-el-desamparo-infantil-en-los-campos-de-refugiados-del-africa-subsahariana\/","title":{"rendered":"IV Marat\u00f3n de Fotodonaciones para luchar contra la malnutrici\u00f3n y el desamparo infantil en los campos de refugiados del \u00c1frica Subsahariana"},"content":{"rendered":"<p><img loading=\"lazy\" decoding=\"async\" class=\"size-full wp-image-1112 alignnone colorbox-1110\" title=\"portada\" src=\"https:\/\/www.javierfalco.com\/blog\/wp-content\/uploads\/2009\/12\/portada4.jpg\" alt=\"portada\" width=\"516\" height=\"370\" srcset=\"https:\/\/www.javierfalco.com\/blog\/wp-content\/uploads\/2009\/12\/portada4.jpg 516w, https:\/\/www.javierfalco.com\/blog\/wp-content\/uploads\/2009\/12\/portada4-300x215.jpg 300w\" sizes=\"auto, (max-width: 516px) 100vw, 516px\" \/><\/p>\n<p>Un a\u00f1o m\u00e1s (menos mal que queda gente como \u00e9l), <a href=\"http:\/\/www.cazurro.com\">Carlos<\/a> se moja con los m\u00e1s desfavorecidos, con una iniciativa que ya entra en su IV edici\u00f3n. En esta ocasi\u00f3n se trata de la <a href=\"http:\/\/www.cazurro.com\/dona\/\">IV marat\u00f3n de fotodonaciones<\/a> contra la malnutrici\u00f3n y el desamparo infantil en los<a href=\"http:\/\/www.lacaravanaporlosrefugiados.org\/web\/index.php\" target=\"new\"> campos de refugiados del \u00c1frica Subsahariana<\/a>. Esta campa\u00f1a estar\u00e1 vigente hasta el 17 de enero.\u00a0Ten\u00e9is toda la informaci\u00f3n <a href=\"http:\/\/www.cazurro.com\/dona\/\">aqu\u00ed<\/a>.<\/p>\n<p>El a\u00f1o pasado particip\u00e9 comprando esta magn\u00edfica <a href=\"http:\/\/www.cazurro.com\/index.asp?img=1057\">fotograf\u00eda<\/a> que tengo puesta en mi estudio y encima tuve la gran suerte de que me tocara\u00a0en el sorteo, el libro\u00a0\u00ab<a href=\"http:\/\/www.eacnur.org\/05_01_01_02.cfm?id=861\">Los hijos del desconsuelo<\/a>\u00bb del fot\u00f3grafo y periodista \u00c1lvaro Ybarra Zavala. Animaos a participar o a difundir esta iniciativa, que mucha gente lo agradecer\u00e1.<\/p>\n<p>C\u00f3mo dice Carlos&#8230;<em>Con muy poco se puede hacer mucho.\u00a0Gracias de anteman<\/em><em>o. \ud83d\ude42<\/em><\/p>\n","protected":false},"excerpt":{"rendered":"<p>Un a\u00f1o m\u00e1s (menos mal que queda gente como \u00e9l), Carlos se moja con los m\u00e1s desfavorecidos, con una iniciativa que ya entra en su IV edici\u00f3n. En esta ocasi\u00f3n se trata de la IV marat\u00f3n de fotodonaciones contra la &hellip; <a href=\"https:\/\/www.javierfalco.com\/blog\/iv-maraton-de-fotodonaciones-para-luchar-contra-la-malnutricion-y-el-desamparo-infantil-en-los-campos-de-refugiados-del-africa-subsahariana\/\">Sigue leyendo <span class=\"meta-nav\">&rarr;<\/span><\/a><\/p>\n","protected":false},"author":4,"featured_media":0,"comment_status":"open","ping_status":"open","sticky":false,"template":"","format":"standard","meta":{"footnotes":""},"categories":[1,83],"tags":[47,13,122],"class_list":["post-1110","post","type-post","status-publish","format-standard","hentry","category-general","category-noticias","tag-acnur","tag-carlos-cazurro","tag-fotodonacion"],"_links":{"self":[{"href":"https:\/\/www.javierfalco.com\/blog\/wp-json\/wp\/v2\/posts\/1110","targetHints":{"allow":["GET"]}}],"collection":[{"href":"https:\/\/www.javierfalco.com\/blog\/wp-json\/wp\/v2\/posts"}],"about":[{"href":"https:\/\/www.javierfalco.com\/blog\/wp-json\/wp\/v2\/types\/post"}],"author":[{"embeddable":true,"href":"https:\/\/www.javierfalco.com\/blog\/wp-json\/wp\/v2\/users\/4"}],"replies":[{"embeddable":true,"href":"https:\/\/www.javierfalco.com\/blog\/wp-json\/wp\/v2\/comments?post=1110"}],"version-history":[{"count":12,"href":"https:\/\/www.javierfalco.com\/blog\/wp-json\/wp\/v2\/posts\/1110\/revisions"}],"predecessor-version":[{"id":1126,"href":"https:\/\/www.javierfalco.com\/blog\/wp-json\/wp\/v2\/posts\/1110\/revisions\/1126"}],"wp:attachment":[{"href":"https:\/\/www.javierfalco.com\/blog\/wp-json\/wp\/v2\/media?parent=1110"}],"wp:term":[{"taxonomy":"category","embeddable":true,"href":"https:\/\/www.javierfalco.com\/blog\/wp-json\/wp\/v2\/categories?post=1110"},{"taxonomy":"post_tag","embeddable":true,"href":"https:\/\/www.javierfalco.com\/blog\/wp-json\/wp\/v2\/tags?post=1110"}],"curies":[{"name":"wp","href":"https:\/\/api.w.org\/{rel}","templated":true}]}}