{"id":1153,"date":"2010-01-05T14:30:00","date_gmt":"2010-01-05T13:30:00","guid":{"rendered":"http:\/\/www.javierfalco.com\/blog\/?p=1153"},"modified":"2010-01-05T15:10:45","modified_gmt":"2010-01-05T14:10:45","slug":"estambul","status":"publish","type":"post","link":"https:\/\/www.javierfalco.com\/blog\/estambul\/","title":{"rendered":"Estambul"},"content":{"rendered":"<p><a href=\"https:\/\/www.javierfalco.com\/blog\/wp-content\/uploads\/2010\/01\/MG_40292.jpg\"><img loading=\"lazy\" decoding=\"async\" class=\"alignnone size-full wp-image-1154 colorbox-1153\" title=\"_MG_4029\" src=\"https:\/\/www.javierfalco.com\/blog\/wp-content\/uploads\/2010\/01\/MG_40292.jpg\" alt=\"\" width=\"550\" height=\"366\" srcset=\"https:\/\/www.javierfalco.com\/blog\/wp-content\/uploads\/2010\/01\/MG_40292.jpg 550w, https:\/\/www.javierfalco.com\/blog\/wp-content\/uploads\/2010\/01\/MG_40292-300x199.jpg 300w\" sizes=\"auto, (max-width: 550px) 100vw, 550px\" \/><\/a><\/p>\n<p>Ya de regreso de esta m\u00e1gica ciudad y con la c\u00e1mara a\u00fan caliente, voy a hacer una aproximaci\u00f3n de este viaje desde el punto de vista fotogr\u00e1fico. \u00a0Probablemente <a href=\"http:\/\/es.wikipedia.org\/wiki\/Estambul\">Estambul<\/a> sea una ciudad \u00abperfecta\u00bb para plasmar esa esencia musulmana que en otros pa\u00edses es m\u00e1s dif\u00edcil de conseguir, porque aqu\u00ed el turista occidental cargado con sus m\u00e1quinas de fotos pasa casi desapercibido. Por otro lado esa actitud mucho m\u00e1s abierta a la mezcla de culturas que puedes palpar en la ciudad, te permite acercarte m\u00e1s a ellos. La gente es muy amable y enseguida te intenta ayudar.<\/p>\n<p>Aunque no he visitado esta ciudad exclusivamente para hacer fotos, pues ha sido un viaje en familia, siempre le sacas partido fotogr\u00e1fico a cualquier situaci\u00f3n, pero si que he tenido la sensaci\u00f3n que dejo atr\u00e1s las mejores fotos. No llevar prisas es fundamental, pero por otra parte si quieres ver lo m\u00e1s representativo de la ciudad no te puedes permitir el lujo que limitarte a esperar que esas situaciones se pongan a tu alcance. \u00a1Habr\u00e1 que volver!.<\/p>\n<p>Han sido casi cinco d\u00edas a los que le hemos sacado mucho partido, pues siendo diciembre el mes m\u00e1s inadecuado del a\u00f1o para visitar esta ciudad (el mes m\u00e1s lluvioso y fr\u00edo) nos ha acompa\u00f1ado el buen tiempo. A parte de lo impresionante que resulta contemplar las mezquitas, creo que los que m\u00e1s me ha gustado y a lo que m\u00e1s le he sacado partido fotogr\u00e1fico ha sido los alrededores de la Mezquita Nueva, Bazar de las Especias y el puerto donde empieza el puente G\u00e1lata. <a href=\"https:\/\/www.javierfalco.com\/blog\/?p=1060#comments\">Santiago llevaba toda la raz\u00f3n<\/a>, es una zona muy sugerente. Tambi\u00e9n he podido perderme un poco por barrios no frecuentados por turistas y he visto la precariedad de algunas zonas m\u00e1s desfavorecidas. En <a href=\"http:\/\/es.wikipedia.org\/wiki\/Estambul\">Estambul<\/a> tienes fotos por todos los sitios.<\/p>\n<p>Un aut\u00e9ntico placer ha sido asistir a un par de amaneceres, sobre todo cuando en plena sesi\u00f3n de fotos pod\u00edas escuchar las plegarias del im\u00e1n desde las mezquitas. He hecho muchas fotos y espero ir subiendo poco a poco unas cuantas de ellas. Si alguien va por all\u00ed, estar\u00e9 encantado de explicarle sobre un mapa mis recomendaciones.<\/p>\n<p><em>La an\u00e9cdota<\/em>: Tanto en un famoso restaurante, como por unas callejuelas en los alrededores de la mezquita azul cuando el sol se pon\u00eda y el cielo estaba rojizo, nos encontramos a <a href=\"http:\/\/www.pedroalmodovar.es\/\">Pedro Almod\u00f3var<\/a>, quiz\u00e1 inspir\u00e1ndose para pr\u00f3ximos trabajos.<\/p>\n<p>Recomendaci\u00f3n final: Todo amante de la fotograf\u00eda deber\u00eda ir a <a href=\"http:\/\/es.wikipedia.org\/wiki\/Estambul\">Estambul<\/a>, ya que es un deleite para la vista, el o\u00eddo y el olfato. \ud83d\ude42<\/p>\n<p><a href=\"https:\/\/www.javierfalco.com\/blog\/wp-content\/uploads\/2010\/01\/MG_40292.jpg\"><\/a><\/p>\n","protected":false},"excerpt":{"rendered":"<p>Ya de regreso de esta m\u00e1gica ciudad y con la c\u00e1mara a\u00fan caliente, voy a hacer una aproximaci\u00f3n de este viaje desde el punto de vista fotogr\u00e1fico. \u00a0Probablemente Estambul sea una ciudad \u00abperfecta\u00bb para plasmar esa esencia musulmana que en &hellip; <a href=\"https:\/\/www.javierfalco.com\/blog\/estambul\/\">Sigue leyendo <span class=\"meta-nav\">&rarr;<\/span><\/a><\/p>\n","protected":false},"author":4,"featured_media":0,"comment_status":"open","ping_status":"open","sticky":false,"template":"","format":"standard","meta":{"footnotes":""},"categories":[1,25],"tags":[114,123,577],"class_list":["post-1153","post","type-post","status-publish","format-standard","hentry","category-general","category-viajes","tag-estambul","tag-turquia","tag-viajes"],"_links":{"self":[{"href":"https:\/\/www.javierfalco.com\/blog\/wp-json\/wp\/v2\/posts\/1153","targetHints":{"allow":["GET"]}}],"collection":[{"href":"https:\/\/www.javierfalco.com\/blog\/wp-json\/wp\/v2\/posts"}],"about":[{"href":"https:\/\/www.javierfalco.com\/blog\/wp-json\/wp\/v2\/types\/post"}],"author":[{"embeddable":true,"href":"https:\/\/www.javierfalco.com\/blog\/wp-json\/wp\/v2\/users\/4"}],"replies":[{"embeddable":true,"href":"https:\/\/www.javierfalco.com\/blog\/wp-json\/wp\/v2\/comments?post=1153"}],"version-history":[{"count":12,"href":"https:\/\/www.javierfalco.com\/blog\/wp-json\/wp\/v2\/posts\/1153\/revisions"}],"predecessor-version":[{"id":1166,"href":"https:\/\/www.javierfalco.com\/blog\/wp-json\/wp\/v2\/posts\/1153\/revisions\/1166"}],"wp:attachment":[{"href":"https:\/\/www.javierfalco.com\/blog\/wp-json\/wp\/v2\/media?parent=1153"}],"wp:term":[{"taxonomy":"category","embeddable":true,"href":"https:\/\/www.javierfalco.com\/blog\/wp-json\/wp\/v2\/categories?post=1153"},{"taxonomy":"post_tag","embeddable":true,"href":"https:\/\/www.javierfalco.com\/blog\/wp-json\/wp\/v2\/tags?post=1153"}],"curies":[{"name":"wp","href":"https:\/\/api.w.org\/{rel}","templated":true}]}}