{"id":1211,"date":"2010-01-18T18:20:35","date_gmt":"2010-01-18T17:20:35","guid":{"rendered":"http:\/\/www.javierfalco.com\/blog\/?p=1211"},"modified":"2010-03-04T16:41:03","modified_gmt":"2010-03-04T15:41:03","slug":"una-fotografia-especial","status":"publish","type":"post","link":"https:\/\/www.javierfalco.com\/blog\/una-fotografia-especial\/","title":{"rendered":"Una fotograf\u00eda especial"},"content":{"rendered":"<p><img loading=\"lazy\" decoding=\"async\" class=\"alignleft size-full wp-image-1212 colorbox-1211\" title=\"Haiti Earthquake\" src=\"https:\/\/www.javierfalco.com\/blog\/wp-content\/uploads\/2010\/01\/AP100114135369.jpg\" alt=\"\" width=\"244\" height=\"307\" srcset=\"https:\/\/www.javierfalco.com\/blog\/wp-content\/uploads\/2010\/01\/AP100114135369.jpg 407w, https:\/\/www.javierfalco.com\/blog\/wp-content\/uploads\/2010\/01\/AP100114135369-238x300.jpg 238w\" sizes=\"auto, (max-width: 244px) 100vw, 244px\" \/><\/p>\n<p>Constantemente vemos fotograf\u00edas en los medios de comunicaci\u00f3n que nos impactan, pero algunas de ellas de manera especial. Esto es lo que me ha ocurrido con esta <a href=\"http:\/\/www.apimages.com\/OneUp.aspx?xslt=1p&amp;st=k&amp;kw=Earthquake%20haiti&amp;showact=results&amp;sort=date&amp;page=1&amp;intv=None&amp;sh=10&amp;kwstyle=and&amp;dbm=PThirtyDay&amp;adte=1263817299&amp;rids=de580c81ef404531bc5ca31c8e112b6a&amp;dah=1020%2c1020%2c1020%2c1020%2c1020%2c1020%2c1020%2c1020%2c1020%2cX%2cX%2cX%2cX%2cX%2cX%2cX%2cX%2cX%2cX%2cX%2cX%2cX%2cX%2cX%2cX%2cX%2cX%2cX%2cX%2cX%2cX%2cX%2cX%2cX%2cX%2cX%2cX%2cX%2cX%2cX%2cX%2cX%2cX%2cX%2cX%2cX%2cX%2cX%2cX%2cX%2cX%2cX%2cX%2cX%2cX%2cX%2cX%2cX%2cX%2cX%2cX%2cX%2cX%2cX%2cX%2cX%2cX%2cX%2cX%2cX%2cX%2cX%2cX%2cX%2cX%2cX%2cX%2cX%2cX%2cX%2cX%2cX%2cX%2cX%2cX%2cX%2cX%2cX%2cX%2cX%2cX%2cX%2cX%2cX%2cX%2cX%2cX%2cX%2cX%2cX%2cX%2cX%2cX%2cX%2cX%2cX%2cX%2cX%2cX%2cX%2cX%2cX%2cX%2cX&amp;pagez=60&amp;cfasstyle=AND&amp;\">fotograf\u00eda de Gerald Herbert de ASSOCIATED PRESS<\/a> correspondiente al rescate de un ni\u00f1o por parte de un equipo de bomberos espa\u00f1oles, despu\u00e9s del temible terremoto que ha azotado a Hait\u00ed.<\/p>\n<p>La cara del ni\u00f1o, su mirada perdida y como con su brazo rodea a su rescatador como tratando de no separarse de \u00e9l y olvidar por lo que ha pasado, est\u00e1 todo resumido en esta magn\u00edfica fotograf\u00eda.<\/p>\n","protected":false},"excerpt":{"rendered":"<p>Constantemente vemos fotograf\u00edas en los medios de comunicaci\u00f3n que nos impactan, pero algunas de ellas de manera especial. Esto es lo que me ha ocurrido con esta fotograf\u00eda de Gerald Herbert de ASSOCIATED PRESS correspondiente al rescate de un ni\u00f1o &hellip; <a href=\"https:\/\/www.javierfalco.com\/blog\/una-fotografia-especial\/\">Sigue leyendo <span class=\"meta-nav\">&rarr;<\/span><\/a><\/p>\n","protected":false},"author":4,"featured_media":0,"comment_status":"open","ping_status":"open","sticky":false,"template":"","format":"standard","meta":{"footnotes":""},"categories":[1,83],"tags":[135,134,133],"class_list":["post-1211","post","type-post","status-publish","format-standard","hentry","category-general","category-noticias","tag-gerald-herbert","tag-haiti-associated-press","tag-terremoto"],"_links":{"self":[{"href":"https:\/\/www.javierfalco.com\/blog\/wp-json\/wp\/v2\/posts\/1211","targetHints":{"allow":["GET"]}}],"collection":[{"href":"https:\/\/www.javierfalco.com\/blog\/wp-json\/wp\/v2\/posts"}],"about":[{"href":"https:\/\/www.javierfalco.com\/blog\/wp-json\/wp\/v2\/types\/post"}],"author":[{"embeddable":true,"href":"https:\/\/www.javierfalco.com\/blog\/wp-json\/wp\/v2\/users\/4"}],"replies":[{"embeddable":true,"href":"https:\/\/www.javierfalco.com\/blog\/wp-json\/wp\/v2\/comments?post=1211"}],"version-history":[{"count":6,"href":"https:\/\/www.javierfalco.com\/blog\/wp-json\/wp\/v2\/posts\/1211\/revisions"}],"predecessor-version":[{"id":1313,"href":"https:\/\/www.javierfalco.com\/blog\/wp-json\/wp\/v2\/posts\/1211\/revisions\/1313"}],"wp:attachment":[{"href":"https:\/\/www.javierfalco.com\/blog\/wp-json\/wp\/v2\/media?parent=1211"}],"wp:term":[{"taxonomy":"category","embeddable":true,"href":"https:\/\/www.javierfalco.com\/blog\/wp-json\/wp\/v2\/categories?post=1211"},{"taxonomy":"post_tag","embeddable":true,"href":"https:\/\/www.javierfalco.com\/blog\/wp-json\/wp\/v2\/tags?post=1211"}],"curies":[{"name":"wp","href":"https:\/\/api.w.org\/{rel}","templated":true}]}}