{"id":1464,"date":"2010-04-19T09:42:40","date_gmt":"2010-04-19T08:42:40","guid":{"rendered":"http:\/\/www.javierfalco.com\/blog\/?p=1464"},"modified":"2010-04-19T10:01:13","modified_gmt":"2010-04-19T09:01:13","slug":"la-caja-azul","status":"publish","type":"post","link":"https:\/\/www.javierfalco.com\/blog\/la-caja-azul\/","title":{"rendered":"La Caja Azul"},"content":{"rendered":"<p><img loading=\"lazy\" decoding=\"async\" class=\"alignleft size-full wp-image-1465 colorbox-1464\" title=\"Imagen 2c\" src=\"https:\/\/www.javierfalco.com\/blog\/wp-content\/uploads\/2010\/04\/Imagen-2c.jpg\" alt=\"\" width=\"112\" height=\"100\" \/><\/p>\n<p>Depurando este fin de semana parte de la suculenta informaci\u00f3n que encontr\u00e9 en el Blog de <a href=\"http:\/\/elfotografoviajero.blogspot.com\/\">Rafa P\u00e9rez<\/a> (sobre lo que versa mi <a href=\"https:\/\/www.javierfalco.com\/blog\/?p=1444\">anterior entrada<\/a>), he dado con <a href=\"http:\/\/caja-azul.org\/\">La Caja Azul<\/a>. \u00c9l mismo ha sido uno de los impulsores de este proyecto y aunque cercano al \u00e1mbito profesional, es igualmente v\u00e1lido para cualquier persona que quiera profundizar en diversos aspectos de la fotograf\u00eda.<\/p>\n<p>En su pesta\u00f1a \u00ab<a href=\"http:\/\/caja-azul.org\/caja-azul\/\">qu\u00e9 es la caja azul<\/a>\u00bb la definen como \u00ab<em>&#8230;una reflexi\u00f3n fotogr\u00e1fica donde reunimos nuestras dudas. Porque de las preguntas se aprende m\u00e1s que de las certezas y de la costumbre de cuestionarnos y debatir se acaba reforzando el pensamiento<\/em>\u00ab.<\/p>\n<p><a href=\"http:\/\/www.armphoto.com\/\">Alfons Rodr\u00edguez<\/a> dec\u00eda en la presentaci\u00f3n de esta iniciativa que \u201c<em>La<\/em> <em>Caja azul intenta ser un intercambio, es decir, aqu\u00ed no venimos a ense\u00f1arle a nadie nada sino que venimos todos a reflexionar<\/em>\u00bb<\/p>\n<p>En esta primera edici\u00f3n podemos ver una serie de v\u00eddeos correspondientes a las distintas intervenciones (ponencias) que final de esta entrada os desgloso. Est\u00e1n muy bien realizadas y su duraci\u00f3n acertada. Cada intervenci\u00f3n dura alrededor de media hora y el debate final casi una hora y media.<\/p>\n<p>Me ha parecido una iniciativa fant\u00e1stica ya que encaja al 100% con la finalidad y filosof\u00eda de (<a href=\"https:\/\/www.javierfalco.com\/blog\/\">M\u00e1cula L\u00fatea -Reflexiones fotogr\u00e1ficas-<\/a>), buscando la reflexi\u00f3n como elemento para ampliar conocimientos en torno a la fotograf\u00eda.<\/p>\n<p>Son todas vuestras&#8230;<\/p>\n<p><strong>Informaci\u00f3n de las distintas ponencias.<\/strong><\/p>\n<p><a href=\"http:\/\/caja-azul.org\/2010\/03\/08\/lectura-fotografica-alfons-rodriguez\/\"><strong>Presentaci\u00f3n de la primera edici\u00f3n por Alfons Rodr\u00edguez<\/strong><\/a><strong> <\/strong><\/p>\n<p><a href=\"http:\/\/www.armphoto.com\/\">Alfons Rodr\u00edguez<\/a> presenta Caja Azul y abre la primera edici\u00f3n sobre Lectura fotogr\u00e1fica: Los procesos de valoraci\u00f3n en fotograf\u00eda.<\/p>\n<p><a href=\"http:\/\/caja-azul.org\/2010\/03\/09\/lectura-fotografica-ponencia-de-manel-ubeda\/\"><strong>Ponencia de Manel \u00dabeda<\/strong><\/a><strong> <\/strong><\/p>\n<p><a href=\"http:\/\/www.manelubeda.com\/\">Manel \u00dabeda<\/a> nos introdujo en el papel de la docencia y en su responsabilidad con respecto a los pr\u00f3ximos fot\u00f3grafos y su forma de entender la fotograf\u00eda.<\/p>\n<p><a href=\"http:\/\/caja-azul.org\/2010\/03\/08\/lectura-fotografica-ponencia-de-maria-rosa-vila\/\"><strong>Ponencia de Mar\u00eda Rosa Vila<\/strong><\/a><strong> <\/strong><\/p>\n<p><a href=\"http:\/\/mariarosavila.blogspot.com\/\">Mar\u00eda Rosa Vila<\/a> nos instruy\u00f3 sobre la lectura fotogr\u00e1fica desde el punto de la edici\u00f3n gr\u00e1fica.<\/p>\n<p><a href=\"http:\/\/caja-azul.org\/2010\/03\/08\/lectura-fotografica-ponencia-de-paco-elvira\/\"><strong>Ponencia de Paco Elvira<\/strong><\/a><strong> <\/strong><\/p>\n<p><a href=\"http:\/\/www.pacoelvira.com\/\">Paco Elvira<\/a> nos cuenta sus influencias, debate sobre la influencia de nuestra cultura en nuestra manera de hacer y fotos y se pregunta sobre qu\u00e9 imagen recordaremos con el tiempo.<\/p>\n<p><a href=\"http:\/\/caja-azul.org\/2010\/03\/08\/lectura-fotografica-ponencia-de-rafael-badia\/\"><strong>Ponencia de Rafael Badia<\/strong><\/a><strong> <\/strong><\/p>\n<p><a href=\"http:\/\/rafaelbadia.blogspot.com\/\">Rafael Badia<\/a> nos habla de la importancia de recuperar el placer del acto fotogr\u00e1fico, de la latencia y su influencia en la lectura y del calor de un rayo de luz en una foto.<\/p>\n<p><strong><a href=\"http:\/\/caja-azul.org\/2010\/03\/13\/lectura-fotografica-debate\/\">Lectura fotogr\u00e1fica. Debate<\/a><\/strong><\/p>\n","protected":false},"excerpt":{"rendered":"<p>Depurando este fin de semana parte de la suculenta informaci\u00f3n que encontr\u00e9 en el Blog de Rafa P\u00e9rez (sobre lo que versa mi anterior entrada), he dado con La Caja Azul. \u00c9l mismo ha sido uno de los impulsores de &hellip; <a href=\"https:\/\/www.javierfalco.com\/blog\/la-caja-azul\/\">Sigue leyendo <span class=\"meta-nav\">&rarr;<\/span><\/a><\/p>\n","protected":false},"author":4,"featured_media":0,"comment_status":"open","ping_status":"open","sticky":false,"template":"","format":"standard","meta":{"footnotes":""},"categories":[6,1,145],"tags":[157,156,159,160,158,154,161],"class_list":["post-1464","post","type-post","status-publish","format-standard","hentry","category-fotografias-en-la-red","category-general","category-recomendaciones","tag-alfons-rodriguez","tag-caja-azul","tag-manel-ubeda","tag-maria-rosa-vila","tag-paco-elvira","tag-rafa-perez","tag-rafael-badia"],"_links":{"self":[{"href":"https:\/\/www.javierfalco.com\/blog\/wp-json\/wp\/v2\/posts\/1464","targetHints":{"allow":["GET"]}}],"collection":[{"href":"https:\/\/www.javierfalco.com\/blog\/wp-json\/wp\/v2\/posts"}],"about":[{"href":"https:\/\/www.javierfalco.com\/blog\/wp-json\/wp\/v2\/types\/post"}],"author":[{"embeddable":true,"href":"https:\/\/www.javierfalco.com\/blog\/wp-json\/wp\/v2\/users\/4"}],"replies":[{"embeddable":true,"href":"https:\/\/www.javierfalco.com\/blog\/wp-json\/wp\/v2\/comments?post=1464"}],"version-history":[{"count":16,"href":"https:\/\/www.javierfalco.com\/blog\/wp-json\/wp\/v2\/posts\/1464\/revisions"}],"predecessor-version":[{"id":1478,"href":"https:\/\/www.javierfalco.com\/blog\/wp-json\/wp\/v2\/posts\/1464\/revisions\/1478"}],"wp:attachment":[{"href":"https:\/\/www.javierfalco.com\/blog\/wp-json\/wp\/v2\/media?parent=1464"}],"wp:term":[{"taxonomy":"category","embeddable":true,"href":"https:\/\/www.javierfalco.com\/blog\/wp-json\/wp\/v2\/categories?post=1464"},{"taxonomy":"post_tag","embeddable":true,"href":"https:\/\/www.javierfalco.com\/blog\/wp-json\/wp\/v2\/tags?post=1464"}],"curies":[{"name":"wp","href":"https:\/\/api.w.org\/{rel}","templated":true}]}}