{"id":1595,"date":"2010-05-07T13:13:09","date_gmt":"2010-05-07T11:13:09","guid":{"rendered":"http:\/\/www.javierfalco.com\/blog\/?p=1595"},"modified":"2012-09-14T16:12:52","modified_gmt":"2012-09-14T15:12:52","slug":"marrakech-en-menos-de-siete-minutos","status":"publish","type":"post","link":"https:\/\/www.javierfalco.com\/blog\/marrakech-en-menos-de-siete-minutos\/","title":{"rendered":"\u00abLa Ciudad Roja\u00bb en 25 im\u00e1genes"},"content":{"rendered":"<p>\u00ab<a href=\"http:\/\/javierfalco.com\/portfolio\/marruecos\/\">La Ciudad Roja<\/a>\u00bb en unas cuantas im\u00e1genes.<\/p>\n<p>Ciclomotores y bicicletas desbocadas circulan por doquier, el canto del almu\u00e9dano flota en el aire y en la <a href=\"http:\/\/es.wikipedia.org\/wiki\/Plaza_de_Yamaa_el_Fna\">plaza Djemaa el Fna<\/a>, ya se puede ver el humo blanco y o\u00edr el bullicio de la gente que anticipa la ca\u00edda de la tarde. Es dif\u00edcil no caer rendidos ante tanto sabor y tanta magia.<\/p>\n<p><span style=\"font-family: monospace, Calibri, 'Myriad Pro', Myriad, 'Trebuchet MS', Helvetica, Arial, sans-serif;\"><a href=\"http:\/\/javierfalco.com\/portfolio\/marruecos\/\"><img loading=\"lazy\" decoding=\"async\" class=\"alignnone size-full wp-image-1621 colorbox-1595\" title=\"presen\" src=\"https:\/\/www.javierfalco.com\/blog\/wp-content\/uploads\/2010\/05\/presen.jpg\" alt=\"\" width=\"550\" height=\"367\" srcset=\"https:\/\/www.javierfalco.com\/blog\/wp-content\/uploads\/2010\/05\/presen.jpg 550w, https:\/\/www.javierfalco.com\/blog\/wp-content\/uploads\/2010\/05\/presen-300x200.jpg 300w\" sizes=\"auto, (max-width: 550px) 100vw, 550px\" \/><\/a><\/span><\/p>\n<p>Tres d\u00edas condensados en 25 im\u00e1genes&#8230;espero que os guste.<\/p>\n","protected":false},"excerpt":{"rendered":"<p>\u00abLa Ciudad Roja\u00bb en unas cuantas im\u00e1genes. Ciclomotores y bicicletas desbocadas circulan por doquier, el canto del almu\u00e9dano flota en el aire y en la plaza Djemaa el Fna, ya se puede ver el humo blanco y o\u00edr el bullicio &hellip; <a href=\"https:\/\/www.javierfalco.com\/blog\/marrakech-en-menos-de-siete-minutos\/\">Sigue leyendo <span class=\"meta-nav\">&rarr;<\/span><\/a><\/p>\n","protected":false},"author":4,"featured_media":0,"comment_status":"open","ping_status":"open","sticky":false,"template":"","format":"standard","meta":{"footnotes":""},"categories":[6,1,65,25],"tags":[142,579],"class_list":["post-1595","post","type-post","status-publish","format-standard","hentry","category-fotografias-en-la-red","category-general","category-reportaje","category-viajes","tag-marrakech","tag-reportaje"],"_links":{"self":[{"href":"https:\/\/www.javierfalco.com\/blog\/wp-json\/wp\/v2\/posts\/1595","targetHints":{"allow":["GET"]}}],"collection":[{"href":"https:\/\/www.javierfalco.com\/blog\/wp-json\/wp\/v2\/posts"}],"about":[{"href":"https:\/\/www.javierfalco.com\/blog\/wp-json\/wp\/v2\/types\/post"}],"author":[{"embeddable":true,"href":"https:\/\/www.javierfalco.com\/blog\/wp-json\/wp\/v2\/users\/4"}],"replies":[{"embeddable":true,"href":"https:\/\/www.javierfalco.com\/blog\/wp-json\/wp\/v2\/comments?post=1595"}],"version-history":[{"count":28,"href":"https:\/\/www.javierfalco.com\/blog\/wp-json\/wp\/v2\/posts\/1595\/revisions"}],"predecessor-version":[{"id":1632,"href":"https:\/\/www.javierfalco.com\/blog\/wp-json\/wp\/v2\/posts\/1595\/revisions\/1632"}],"wp:attachment":[{"href":"https:\/\/www.javierfalco.com\/blog\/wp-json\/wp\/v2\/media?parent=1595"}],"wp:term":[{"taxonomy":"category","embeddable":true,"href":"https:\/\/www.javierfalco.com\/blog\/wp-json\/wp\/v2\/categories?post=1595"},{"taxonomy":"post_tag","embeddable":true,"href":"https:\/\/www.javierfalco.com\/blog\/wp-json\/wp\/v2\/tags?post=1595"}],"curies":[{"name":"wp","href":"https:\/\/api.w.org\/{rel}","templated":true}]}}