{"id":1700,"date":"2010-05-24T13:39:44","date_gmt":"2010-05-24T11:39:44","guid":{"rendered":"http:\/\/www.javierfalco.com\/blog\/?p=1700"},"modified":"2010-07-02T08:49:35","modified_gmt":"2010-07-02T06:49:35","slug":"exposicion-fotografica-en-la-casa-de-cultura-de-santa-pola","status":"publish","type":"post","link":"https:\/\/www.javierfalco.com\/blog\/exposicion-fotografica-en-la-casa-de-cultura-de-santa-pola\/","title":{"rendered":"Exposici\u00f3n fotogr\u00e1fica en la Casa de Cultura de Santa Pola"},"content":{"rendered":"<p>El a\u00f1o pasado tuve la oportunidad de cubrir un magn\u00edfico evento deportivo como es la <a href=\"http:\/\/www.travesiaanado.com\/\">Traves\u00eda a Nado Tabarca-Santa Pola<\/a> que organiza todos los a\u00f1os el <a href=\"http:\/\/www.clubnatacionalone.com\/\">Club de Nataci\u00f3n Alone<\/a>. Esta prueba donde m\u00e1s de 600 nadadores recorren casi 6 kil\u00f3metros en mar abierto, es una de las pruebas m\u00e1s importantes del calendario en Espa\u00f1a. Gracias a la organizaci\u00f3n y en concreto a \u00a0Vicente L\u00f3pez, pude realizar desde una de las zodiacs un reportaje completo de la prueba.<\/p>\n<p><a href=\"https:\/\/www.javierfalco.com\/blog\/wp-content\/uploads\/2010\/05\/19072009-20090727102159__mg_04811.jpg\"><img loading=\"lazy\" decoding=\"async\" class=\"alignnone size-full wp-image-1701 colorbox-1700\" title=\"19072009-20090727102159__mg_0481\" src=\"https:\/\/www.javierfalco.com\/blog\/wp-content\/uploads\/2010\/05\/19072009-20090727102159__mg_04811.jpg\" alt=\"\" width=\"560\" height=\"373\" srcset=\"https:\/\/www.javierfalco.com\/blog\/wp-content\/uploads\/2010\/05\/19072009-20090727102159__mg_04811.jpg 800w, https:\/\/www.javierfalco.com\/blog\/wp-content\/uploads\/2010\/05\/19072009-20090727102159__mg_04811-300x199.jpg 300w\" sizes=\"auto, (max-width: 560px) 100vw, 560px\" \/><\/a><\/p>\n<p>Este a\u00f1o con motivo de la ya <a href=\"http:\/\/3.bp.blogspot.com\/_J5s6kLukWhA\/S42b8PRz9WI\/AAAAAAAAA1U\/DyGdtU08f0Q\/s1600-h\/travesia2010.bmp\">XV edici\u00f3n<\/a> que se celebrar\u00e1 el 4 de julio, se va a exponer una serie de fotograf\u00edas en la <strong>Casa de Cultura de Santa Pola del 1 al 16 de julio<\/strong>. En la exposici\u00f3n\u00a0se mostrar\u00e1n 14 im\u00e1genes de 4 fot\u00f3grafos, entre las que figuran 5 fotograf\u00edas m\u00edas (que aparecen abajo) y que no he dudado en ceder, pues iniciativas como esta, ponen de relieve el impresionante esfuerzo que realizan estos deportistas, as\u00ed como todas las personas que intervienen en su realizaci\u00f3n y organizaci\u00f3n.<\/p>\n<p><a href=\"https:\/\/www.javierfalco.com\/blog\/wp-content\/uploads\/2010\/05\/19072009-_MG_02031.jpg\"><img loading=\"lazy\" decoding=\"async\" class=\"alignnone size-full wp-image-1702 colorbox-1700\" title=\"19072009-_MG_0203\" src=\"https:\/\/www.javierfalco.com\/blog\/wp-content\/uploads\/2010\/05\/19072009-_MG_02031.jpg\" alt=\"\" width=\"560\" height=\"373\" srcset=\"https:\/\/www.javierfalco.com\/blog\/wp-content\/uploads\/2010\/05\/19072009-_MG_02031.jpg 800w, https:\/\/www.javierfalco.com\/blog\/wp-content\/uploads\/2010\/05\/19072009-_MG_02031-300x199.jpg 300w\" sizes=\"auto, (max-width: 560px) 100vw, 560px\" \/><\/a><a href=\"https:\/\/www.javierfalco.com\/blog\/wp-content\/uploads\/2010\/05\/19072009-_MG_02331.jpg\"><img loading=\"lazy\" decoding=\"async\" class=\"alignnone size-full wp-image-1703 colorbox-1700\" title=\"19072009-_MG_0233\" src=\"https:\/\/www.javierfalco.com\/blog\/wp-content\/uploads\/2010\/05\/19072009-_MG_02331.jpg\" alt=\"\" width=\"560\" height=\"373\" srcset=\"https:\/\/www.javierfalco.com\/blog\/wp-content\/uploads\/2010\/05\/19072009-_MG_02331.jpg 800w, https:\/\/www.javierfalco.com\/blog\/wp-content\/uploads\/2010\/05\/19072009-_MG_02331-300x199.jpg 300w\" sizes=\"auto, (max-width: 560px) 100vw, 560px\" \/><\/a><a href=\"https:\/\/www.javierfalco.com\/blog\/wp-content\/uploads\/2010\/05\/19072009-_MG_03031.jpg\"><img loading=\"lazy\" decoding=\"async\" class=\"alignnone size-full wp-image-1704 colorbox-1700\" title=\"19072009-_MG_0303\" src=\"https:\/\/www.javierfalco.com\/blog\/wp-content\/uploads\/2010\/05\/19072009-_MG_03031.jpg\" alt=\"\" width=\"560\" height=\"373\" srcset=\"https:\/\/www.javierfalco.com\/blog\/wp-content\/uploads\/2010\/05\/19072009-_MG_03031.jpg 800w, https:\/\/www.javierfalco.com\/blog\/wp-content\/uploads\/2010\/05\/19072009-_MG_03031-300x199.jpg 300w\" sizes=\"auto, (max-width: 560px) 100vw, 560px\" \/><\/a><a href=\"https:\/\/www.javierfalco.com\/blog\/wp-content\/uploads\/2010\/05\/19072009-_MG_03911.jpg\"><img loading=\"lazy\" decoding=\"async\" class=\"alignnone size-full wp-image-1705 colorbox-1700\" title=\"19072009-_MG_0391\" src=\"https:\/\/www.javierfalco.com\/blog\/wp-content\/uploads\/2010\/05\/19072009-_MG_03911.jpg\" alt=\"\" width=\"560\" height=\"373\" srcset=\"https:\/\/www.javierfalco.com\/blog\/wp-content\/uploads\/2010\/05\/19072009-_MG_03911.jpg 800w, https:\/\/www.javierfalco.com\/blog\/wp-content\/uploads\/2010\/05\/19072009-_MG_03911-300x199.jpg 300w\" sizes=\"auto, (max-width: 560px) 100vw, 560px\" \/><\/a><a href=\"https:\/\/www.javierfalco.com\/blog\/wp-content\/uploads\/2010\/05\/19072009-_MG_04961.jpg\"><img loading=\"lazy\" decoding=\"async\" class=\"alignnone size-full wp-image-1706 colorbox-1700\" title=\"19072009-_MG_0496\" src=\"https:\/\/www.javierfalco.com\/blog\/wp-content\/uploads\/2010\/05\/19072009-_MG_04961.jpg\" alt=\"\" width=\"560\" height=\"373\" srcset=\"https:\/\/www.javierfalco.com\/blog\/wp-content\/uploads\/2010\/05\/19072009-_MG_04961.jpg 800w, https:\/\/www.javierfalco.com\/blog\/wp-content\/uploads\/2010\/05\/19072009-_MG_04961-300x199.jpg 300w\" sizes=\"auto, (max-width: 560px) 100vw, 560px\" \/><\/a><\/p>\n","protected":false},"excerpt":{"rendered":"<p>El a\u00f1o pasado tuve la oportunidad de cubrir un magn\u00edfico evento deportivo como es la Traves\u00eda a Nado Tabarca-Santa Pola que organiza todos los a\u00f1os el Club de Nataci\u00f3n Alone. Esta prueba donde m\u00e1s de 600 nadadores recorren casi 6 &hellip; <a href=\"https:\/\/www.javierfalco.com\/blog\/exposicion-fotografica-en-la-casa-de-cultura-de-santa-pola\/\">Sigue leyendo <span class=\"meta-nav\">&rarr;<\/span><\/a><\/p>\n","protected":false},"author":4,"featured_media":0,"comment_status":"open","ping_status":"open","sticky":false,"template":"","format":"standard","meta":{"footnotes":""},"categories":[1,83,65],"tags":[176,178,175,177],"class_list":["post-1700","post","type-post","status-publish","format-standard","hentry","category-general","category-noticias","category-reportaje","tag-casa-de-cultura","tag-club-de-natacion-alone","tag-exposicion-fotografica","tag-travesia-a-nado-tabarca-santa-pola"],"_links":{"self":[{"href":"https:\/\/www.javierfalco.com\/blog\/wp-json\/wp\/v2\/posts\/1700","targetHints":{"allow":["GET"]}}],"collection":[{"href":"https:\/\/www.javierfalco.com\/blog\/wp-json\/wp\/v2\/posts"}],"about":[{"href":"https:\/\/www.javierfalco.com\/blog\/wp-json\/wp\/v2\/types\/post"}],"author":[{"embeddable":true,"href":"https:\/\/www.javierfalco.com\/blog\/wp-json\/wp\/v2\/users\/4"}],"replies":[{"embeddable":true,"href":"https:\/\/www.javierfalco.com\/blog\/wp-json\/wp\/v2\/comments?post=1700"}],"version-history":[{"count":21,"href":"https:\/\/www.javierfalco.com\/blog\/wp-json\/wp\/v2\/posts\/1700\/revisions"}],"predecessor-version":[{"id":1732,"href":"https:\/\/www.javierfalco.com\/blog\/wp-json\/wp\/v2\/posts\/1700\/revisions\/1732"}],"wp:attachment":[{"href":"https:\/\/www.javierfalco.com\/blog\/wp-json\/wp\/v2\/media?parent=1700"}],"wp:term":[{"taxonomy":"category","embeddable":true,"href":"https:\/\/www.javierfalco.com\/blog\/wp-json\/wp\/v2\/categories?post=1700"},{"taxonomy":"post_tag","embeddable":true,"href":"https:\/\/www.javierfalco.com\/blog\/wp-json\/wp\/v2\/tags?post=1700"}],"curies":[{"name":"wp","href":"https:\/\/api.w.org\/{rel}","templated":true}]}}