{"id":1724,"date":"2010-05-31T17:37:34","date_gmt":"2010-05-31T15:37:34","guid":{"rendered":"http:\/\/www.javierfalco.com\/blog\/?p=1724"},"modified":"2010-05-31T18:01:32","modified_gmt":"2010-05-31T16:01:32","slug":"escarabajo-pelotero","status":"publish","type":"post","link":"https:\/\/www.javierfalco.com\/blog\/escarabajo-pelotero\/","title":{"rendered":"Escarabajo pelotero"},"content":{"rendered":"<p>El escarabajo pelotero de las dunas (<a href=\"http:\/\/www.biodiversidadvirtual.org\/insectarium\/Scarabaeus+semipunctatus-img33001.html\"><em>Scarabaeus semipunctatus<\/em><\/a>) es una especie exclusiva del litoral del Mediterr\u00e1neo occidental y el otro me lo tropec\u00e9 mientras mi hijo se distra\u00eda en la playa. Hacendoso, no paraba de ir de un lado a otro con su preciada carga y al final no puede evitar hacerle una cuantas fotos, absorbi\u00e9ndome por completo ese \u00ab<a href=\"http:\/\/en.wikipedia.org\/wiki\/Microcosmos\">microcosmos<\/a>\u00bb tan especial, donde\u00a0ellos habitan. Da que pensar&#8230;<\/p>\n<p><a href=\"https:\/\/www.javierfalco.com\/blog\/wp-content\/uploads\/2010\/05\/4.jpg\"><img loading=\"lazy\" decoding=\"async\" class=\"alignnone size-full wp-image-1728 colorbox-1724\" title=\"4\" src=\"https:\/\/www.javierfalco.com\/blog\/wp-content\/uploads\/2010\/05\/4.jpg\" alt=\"\" width=\"560\" height=\"354\" srcset=\"https:\/\/www.javierfalco.com\/blog\/wp-content\/uploads\/2010\/05\/4.jpg 800w, https:\/\/www.javierfalco.com\/blog\/wp-content\/uploads\/2010\/05\/4-300x189.jpg 300w\" sizes=\"auto, (max-width: 560px) 100vw, 560px\" \/><\/a><a href=\"https:\/\/www.javierfalco.com\/blog\/wp-content\/uploads\/2010\/05\/1.jpg\"><img loading=\"lazy\" decoding=\"async\" class=\"alignnone size-full wp-image-1725 colorbox-1724\" title=\"1\" src=\"https:\/\/www.javierfalco.com\/blog\/wp-content\/uploads\/2010\/05\/1.jpg\" alt=\"\" width=\"560\" height=\"354\" srcset=\"https:\/\/www.javierfalco.com\/blog\/wp-content\/uploads\/2010\/05\/1.jpg 800w, https:\/\/www.javierfalco.com\/blog\/wp-content\/uploads\/2010\/05\/1-300x189.jpg 300w\" sizes=\"auto, (max-width: 560px) 100vw, 560px\" \/><\/a><a href=\"https:\/\/www.javierfalco.com\/blog\/wp-content\/uploads\/2010\/05\/2.jpg\"><img loading=\"lazy\" decoding=\"async\" class=\"alignnone size-full wp-image-1726 colorbox-1724\" title=\"2\" src=\"https:\/\/www.javierfalco.com\/blog\/wp-content\/uploads\/2010\/05\/2.jpg\" alt=\"\" width=\"560\" height=\"354\" srcset=\"https:\/\/www.javierfalco.com\/blog\/wp-content\/uploads\/2010\/05\/2.jpg 800w, https:\/\/www.javierfalco.com\/blog\/wp-content\/uploads\/2010\/05\/2-300x189.jpg 300w\" sizes=\"auto, (max-width: 560px) 100vw, 560px\" \/><\/a><a href=\"https:\/\/www.javierfalco.com\/blog\/wp-content\/uploads\/2010\/05\/3.jpg\"><img loading=\"lazy\" decoding=\"async\" class=\"alignnone size-full wp-image-1727 colorbox-1724\" title=\"3\" src=\"https:\/\/www.javierfalco.com\/blog\/wp-content\/uploads\/2010\/05\/3.jpg\" alt=\"\" width=\"560\" height=\"354\" srcset=\"https:\/\/www.javierfalco.com\/blog\/wp-content\/uploads\/2010\/05\/3.jpg 800w, https:\/\/www.javierfalco.com\/blog\/wp-content\/uploads\/2010\/05\/3-300x189.jpg 300w\" sizes=\"auto, (max-width: 560px) 100vw, 560px\" \/><\/a><\/p>\n","protected":false},"excerpt":{"rendered":"<p>El escarabajo pelotero de las dunas (Scarabaeus semipunctatus) es una especie exclusiva del litoral del Mediterr\u00e1neo occidental y el otro me lo tropec\u00e9 mientras mi hijo se distra\u00eda en la playa. Hacendoso, no paraba de ir de un lado a &hellip; <a href=\"https:\/\/www.javierfalco.com\/blog\/escarabajo-pelotero\/\">Sigue leyendo <span class=\"meta-nav\">&rarr;<\/span><\/a><\/p>\n","protected":false},"author":4,"featured_media":0,"comment_status":"open","ping_status":"open","sticky":false,"template":"","format":"standard","meta":{"footnotes":""},"categories":[1,179],"tags":[180,181],"class_list":["post-1724","post","type-post","status-publish","format-standard","hentry","category-general","category-naturaleza","tag-escarabajo-pelotero","tag-scarabaeus-semipunctatus"],"_links":{"self":[{"href":"https:\/\/www.javierfalco.com\/blog\/wp-json\/wp\/v2\/posts\/1724","targetHints":{"allow":["GET"]}}],"collection":[{"href":"https:\/\/www.javierfalco.com\/blog\/wp-json\/wp\/v2\/posts"}],"about":[{"href":"https:\/\/www.javierfalco.com\/blog\/wp-json\/wp\/v2\/types\/post"}],"author":[{"embeddable":true,"href":"https:\/\/www.javierfalco.com\/blog\/wp-json\/wp\/v2\/users\/4"}],"replies":[{"embeddable":true,"href":"https:\/\/www.javierfalco.com\/blog\/wp-json\/wp\/v2\/comments?post=1724"}],"version-history":[{"count":5,"href":"https:\/\/www.javierfalco.com\/blog\/wp-json\/wp\/v2\/posts\/1724\/revisions"}],"predecessor-version":[{"id":1740,"href":"https:\/\/www.javierfalco.com\/blog\/wp-json\/wp\/v2\/posts\/1724\/revisions\/1740"}],"wp:attachment":[{"href":"https:\/\/www.javierfalco.com\/blog\/wp-json\/wp\/v2\/media?parent=1724"}],"wp:term":[{"taxonomy":"category","embeddable":true,"href":"https:\/\/www.javierfalco.com\/blog\/wp-json\/wp\/v2\/categories?post=1724"},{"taxonomy":"post_tag","embeddable":true,"href":"https:\/\/www.javierfalco.com\/blog\/wp-json\/wp\/v2\/tags?post=1724"}],"curies":[{"name":"wp","href":"https:\/\/api.w.org\/{rel}","templated":true}]}}