{"id":2309,"date":"2010-09-07T17:08:42","date_gmt":"2010-09-07T15:08:42","guid":{"rendered":"http:\/\/www.javierfalco.com\/blog\/?p=2309"},"modified":"2010-09-07T17:30:45","modified_gmt":"2010-09-07T15:30:45","slug":"jordi-cohen","status":"publish","type":"post","link":"https:\/\/www.javierfalco.com\/blog\/jordi-cohen\/","title":{"rendered":"Jordi Cohen"},"content":{"rendered":"<p>No es este un blog que le de un excesivo protagonismo al trabajo de otros fot\u00f3grafos, pero \u00faltimamente me estoy llevando gratas sorpresas y he decido hacer otra entrada sobre un extraordinario fot\u00f3grafo que he descubierto hoy. Se trata de <a href=\"http:\/\/www.jordicohen.com\">Jordi Cohen<\/a>.<\/p>\n<p>Cuando uno tiene la sensaci\u00f3n de que determinados temas fotogr\u00e1ficos est\u00e1n un poco agotados o es dif\u00edcil ver algo novedoso, innovador o simplemente distinto, aparecen fot\u00f3grafos como Jordi para tirar ese planteamiento por los suelos. Una bocanada de aire fresco he podido sentir al ver sus excelentes reportajes avalados por varios premios internacionales de gran prestigio. A\u00fan a pesar de no recoger esa cosecha de premios desde hace demasiado tiempo, la verdad es que ahora est\u00e1 arriba e imagino que llegar\u00e1 muy lejos.<\/p>\n<p>Os dejo lo concerniente a su trayectoria directamente con copiar y pegar del \u00ab<a href=\"http:\/\/www.jordicohen.com\/jordi-cohen\/\">about<\/a>\u00bb de su pagina web. Espero que os guste, a mi me ha impresionado.<\/p>\n<p><em>Nacido en Manresa. M\u00e9dico de formaci\u00f3n, ha trabajado durante m\u00e1s de quince a\u00f1os en el sector salud en Espa\u00f1a, Latinoam\u00e9rica y \u00c1frica. Fot\u00f3grafo b\u00e1sicamente autodidacta, realiza reportajes fundamentalmente de \u00e1mbito social. Su obra intenta transmitir emociones ligadas a aspectos culturales de diferentes pa\u00edses y civilizaciones. Ha realizado exposiciones y publicado fotograf\u00edas en libros y en otros medios gr\u00e1ficos de Espa\u00f1a, Francia y Latinoam\u00e9rica.<\/em><\/p>\n<p><em>Fot\u00f3grafo colaborador de las ONGs AIDNOH (Hait\u00ed), Agua de Coco (Madagascar), Photographic Social Visi\u00f3n (Barcelona) y Cafebabel (revista europea digital).Es colaborador habitual de sanfermin.com (Kukuxumusu).<\/em><\/p>\n<p><em>Entre otros premios de fotograf\u00eda cabe destacar: China International Photo Press \u2013 Silver Medal in Sport Stories 2010, Canson-Infinity 2010, VISA pour l\u2019ANI (VISA POUR l\u00b4IMAGE) 2009, Finalista Fotoperiodismo Gij\u00f3n 2009, Finalista Descubrimientos Photoespa\u00f1a 2008, Menci\u00f3n de Honor Premio Uni\u00f3n Latina-Mart\u00edn Chambi 2008, Fotoperiodismo Cultura y Espect\u00e1culos Iberoam\u00e9rica 2007, San Ferm\u00edn Er\u00f3tico 2007, FotoMerc\u00e8 2007, Iconos de Buenos Aires 2006, PHOTO Le Reportage 2005, Sigma-Foto 2005-2007, Panasonic 2005.<\/em><\/p>\n<p><a href=\"http:\/\/www.jordicohen.com\"><img loading=\"lazy\" decoding=\"async\" class=\"alignnone size-full wp-image-2308 colorbox-2309\" style=\"border: 1px solid black;\" title=\"jordicohen\" src=\"https:\/\/www.javierfalco.com\/blog\/wp-content\/uploads\/2010\/09\/jordicohen.jpg\" alt=\"\" width=\"600\" height=\"440\" srcset=\"https:\/\/www.javierfalco.com\/blog\/wp-content\/uploads\/2010\/09\/jordicohen.jpg 600w, https:\/\/www.javierfalco.com\/blog\/wp-content\/uploads\/2010\/09\/jordicohen-300x220.jpg 300w\" sizes=\"auto, (max-width: 600px) 100vw, 600px\" \/><\/a><\/p>\n","protected":false},"excerpt":{"rendered":"<p>No es este un blog que le de un excesivo protagonismo al trabajo de otros fot\u00f3grafos, pero \u00faltimamente me estoy llevando gratas sorpresas y he decido hacer otra entrada sobre un extraordinario fot\u00f3grafo que he descubierto hoy. Se trata de &hellip; <a href=\"https:\/\/www.javierfalco.com\/blog\/jordi-cohen\/\">Sigue leyendo <span class=\"meta-nav\">&rarr;<\/span><\/a><\/p>\n","protected":false},"author":4,"featured_media":0,"comment_status":"open","ping_status":"open","sticky":false,"template":"","format":"standard","meta":{"footnotes":""},"categories":[6,1,83,145],"tags":[239],"class_list":["post-2309","post","type-post","status-publish","format-standard","hentry","category-fotografias-en-la-red","category-general","category-noticias","category-recomendaciones","tag-jordi-cohen"],"_links":{"self":[{"href":"https:\/\/www.javierfalco.com\/blog\/wp-json\/wp\/v2\/posts\/2309","targetHints":{"allow":["GET"]}}],"collection":[{"href":"https:\/\/www.javierfalco.com\/blog\/wp-json\/wp\/v2\/posts"}],"about":[{"href":"https:\/\/www.javierfalco.com\/blog\/wp-json\/wp\/v2\/types\/post"}],"author":[{"embeddable":true,"href":"https:\/\/www.javierfalco.com\/blog\/wp-json\/wp\/v2\/users\/4"}],"replies":[{"embeddable":true,"href":"https:\/\/www.javierfalco.com\/blog\/wp-json\/wp\/v2\/comments?post=2309"}],"version-history":[{"count":13,"href":"https:\/\/www.javierfalco.com\/blog\/wp-json\/wp\/v2\/posts\/2309\/revisions"}],"predecessor-version":[{"id":2322,"href":"https:\/\/www.javierfalco.com\/blog\/wp-json\/wp\/v2\/posts\/2309\/revisions\/2322"}],"wp:attachment":[{"href":"https:\/\/www.javierfalco.com\/blog\/wp-json\/wp\/v2\/media?parent=2309"}],"wp:term":[{"taxonomy":"category","embeddable":true,"href":"https:\/\/www.javierfalco.com\/blog\/wp-json\/wp\/v2\/categories?post=2309"},{"taxonomy":"post_tag","embeddable":true,"href":"https:\/\/www.javierfalco.com\/blog\/wp-json\/wp\/v2\/tags?post=2309"}],"curies":[{"name":"wp","href":"https:\/\/api.w.org\/{rel}","templated":true}]}}