{"id":2363,"date":"2010-09-22T17:39:24","date_gmt":"2010-09-22T15:39:24","guid":{"rendered":"http:\/\/www.javierfalco.com\/blog\/?p=2363"},"modified":"2010-09-22T17:39:24","modified_gmt":"2010-09-22T15:39:24","slug":"madre-te-quiero","status":"publish","type":"post","link":"https:\/\/www.javierfalco.com\/blog\/madre-te-quiero\/","title":{"rendered":"Madre, te quiero."},"content":{"rendered":"<p>Ayer fue el d\u00eda mundial del <a href=\"http:\/\/es.wikipedia.org\/wiki\/Enfermedad_de_Alzheimer\">Alzheimer<\/a> y aunque mi madre (la que aparece en primer plano en la fotograf\u00eda) no padece esta enfermedad, si tiene cierto deterioro cognitivo propio de muchas personas mayores. En su caso, este deterioro se manifiesta m\u00e1s en lo temporal y espacial. Parece ser que en ocasiones, la p\u00e9rdida de estas facultades cognitivas puede ser la tarjeta de presentaci\u00f3n de ese temible \u00abAlzheimer\u00bb. En cualquier caso, cuando voy a visitarla hay d\u00edas que la veo bien y otros que no sabe ni donde est\u00e1, ni cuantos hijos tiene, ni que d\u00eda es, ni en que a\u00f1o vive. Incluso pregunta por seres queridos que hace mucho tiempo nos dejaron, como si todav\u00eda estuvieran entre nosotros. Es en esos momentos cuando brota en mi, un especial sentimiento de ternura hacia ella viendo su situaci\u00f3n de dependencia y vulnerabilidad. Esta situaci\u00f3n hace que cuando llego a casa despu\u00e9s de verla, reflexiono sobre el viaje sin retorno que emprende todo ser vivo y que ella est\u00e1 a punto de acabar. Quiz\u00e1s est\u00e9 m\u00e1s sensible de lo normal con este tema y ayer me acord\u00e9 especialmente de ella. Lo cierto es, que lo que he querido hacer con esta entrada y con esta fotograf\u00eda es decir claramente&#8230; Madre, te quiero.<\/p>\n<p><a href=\"https:\/\/www.javierfalco.com\/blog\/wp-content\/uploads\/2010\/09\/MG_3257.jpg\"><img loading=\"lazy\" decoding=\"async\" class=\"alignnone size-full wp-image-2359 colorbox-2363\" title=\"_MG_3257\" src=\"https:\/\/www.javierfalco.com\/blog\/wp-content\/uploads\/2010\/09\/MG_3257.jpg\" alt=\"\" width=\"560\" height=\"373\" srcset=\"https:\/\/www.javierfalco.com\/blog\/wp-content\/uploads\/2010\/09\/MG_3257.jpg 800w, https:\/\/www.javierfalco.com\/blog\/wp-content\/uploads\/2010\/09\/MG_3257-300x199.jpg 300w\" sizes=\"auto, (max-width: 560px) 100vw, 560px\" \/><\/a><\/p>\n","protected":false},"excerpt":{"rendered":"<p>Ayer fue el d\u00eda mundial del Alzheimer y aunque mi madre (la que aparece en primer plano en la fotograf\u00eda) no padece esta enfermedad, si tiene cierto deterioro cognitivo propio de muchas personas mayores. En su caso, este deterioro se &hellip; <a href=\"https:\/\/www.javierfalco.com\/blog\/madre-te-quiero\/\">Sigue leyendo <span class=\"meta-nav\">&rarr;<\/span><\/a><\/p>\n","protected":false},"author":4,"featured_media":0,"comment_status":"open","ping_status":"open","sticky":false,"template":"","format":"standard","meta":{"footnotes":""},"categories":[1],"tags":[],"class_list":["post-2363","post","type-post","status-publish","format-standard","hentry","category-general"],"_links":{"self":[{"href":"https:\/\/www.javierfalco.com\/blog\/wp-json\/wp\/v2\/posts\/2363","targetHints":{"allow":["GET"]}}],"collection":[{"href":"https:\/\/www.javierfalco.com\/blog\/wp-json\/wp\/v2\/posts"}],"about":[{"href":"https:\/\/www.javierfalco.com\/blog\/wp-json\/wp\/v2\/types\/post"}],"author":[{"embeddable":true,"href":"https:\/\/www.javierfalco.com\/blog\/wp-json\/wp\/v2\/users\/4"}],"replies":[{"embeddable":true,"href":"https:\/\/www.javierfalco.com\/blog\/wp-json\/wp\/v2\/comments?post=2363"}],"version-history":[{"count":9,"href":"https:\/\/www.javierfalco.com\/blog\/wp-json\/wp\/v2\/posts\/2363\/revisions"}],"predecessor-version":[{"id":2372,"href":"https:\/\/www.javierfalco.com\/blog\/wp-json\/wp\/v2\/posts\/2363\/revisions\/2372"}],"wp:attachment":[{"href":"https:\/\/www.javierfalco.com\/blog\/wp-json\/wp\/v2\/media?parent=2363"}],"wp:term":[{"taxonomy":"category","embeddable":true,"href":"https:\/\/www.javierfalco.com\/blog\/wp-json\/wp\/v2\/categories?post=2363"},{"taxonomy":"post_tag","embeddable":true,"href":"https:\/\/www.javierfalco.com\/blog\/wp-json\/wp\/v2\/tags?post=2363"}],"curies":[{"name":"wp","href":"https:\/\/api.w.org\/{rel}","templated":true}]}}