{"id":2373,"date":"2010-09-23T17:43:35","date_gmt":"2010-09-23T15:43:35","guid":{"rendered":"http:\/\/www.javierfalco.com\/blog\/?p=2373"},"modified":"2010-09-23T22:33:23","modified_gmt":"2010-09-23T20:33:23","slug":"guillem-lopez","status":"publish","type":"post","link":"https:\/\/www.javierfalco.com\/blog\/guillem-lopez\/","title":{"rendered":"Guillem L\u00f3pez"},"content":{"rendered":"<div>\n<p>Hace justo una semana tuve que desplazarme a Barcelona por motivos de trabajo y aprovech\u00e9 esta rauda visita a la ciudad condal para ponerme en contacto con un <a href=\"http:\/\/guillemlopez.com\/\">Guilem L\u00f3pez<\/a> que no conoc\u00eda personalmente. Hab\u00eda descubierto recientemente su web, intercambiado alg\u00fan comentario en facebook y poca cosa m\u00e1s. Quiz\u00e1 algunos de los que me siguen en twitter o facebook sean conocedores de este asunto, pero el caso es que ten\u00eda pendiente escribir unas l\u00edneas de lo que fue ese encuentro que me pareci\u00f3 realmente interesante.<\/p>\n<p>Guillem, aunque catal\u00e1n de origen es casi un reci\u00e9n llegado, pues ha estado muchos a\u00f1os viviendo fuera de Espa\u00f1a y se nota enseguida su amplitud de miras. Viajar es uno de sus principales est\u00edmulos y derivado de los a\u00f1os que ha estado ausente, me comentaba lo diferente que encontraba Espa\u00f1a en estos tiempos que corren.\u00a0Ingeniero de sonido de formaci\u00f3n, se encuentra o reencuentra con la fotograf\u00eda, despu\u00e9s de su primera vuelta al mundo visitando el Sudeste Asi\u00e1tico, Nueva Zelanda y Centroam\u00e9rica. Una vez inoculado el veneno de esta disciplina decide realizar durante un a\u00f1o un ambicioso periplo donde apaciguar su sed de im\u00e1genes. Nada m\u00e1s y nada menos que seguir los pasos de la Ruta de la Seda (viajando s\u00f3lo por tierra) desde Venecia hasta China, incluyendo una incursi\u00f3n a Mongolia para hacer un reportaje sobre los n\u00f3madas del norte. Derivado de este magnifico viaje a trav\u00e9s de 19 pa\u00edses, Guillem saca alrededor de 12.000 mil fotograf\u00edas entre octubre de 2007 y octubre de 2008. Un a\u00f1o y medio despu\u00e9s, todav\u00eda dedica tiempo a la selecci\u00f3n y proceso de las fotograf\u00edas realizadas. Aparte de la cosecha recogida durante este viaje, posee un interesante stock de fotograf\u00eda publicitaria, comercial o de prensa que vende a distintas agencias como\u00a0UPPA\/Photoshot, Camera Press, Evostock, Age Fotostock y Alamy entre otras. Pr\u00f3ximamente se marchar\u00e1 a Marruecos para realizar un reportaje sobre los Tuaregs, del que espero obtenga excelentes resultados.<\/p>\n<p>Todo sus trabajos se pueden consultar en su web (funcionando bajo <a href=\"http:\/\/www.photoshelter.com\/\">photoshelter<\/a>), donde dando prioridad a la presentaci\u00f3n y venta de las im\u00e1genes no se olvida de la integraci\u00f3n con las redes sociales, hoy ya indispensables para estar al d\u00eda e intercambiar informaci\u00f3n. En lo personal y teniendo en cuenta lo breve de mi encuentro con \u00e9l, me pareci\u00f3 una persona cercana, agradable y con evidentes sinergias en muchas cosas de las que charlamos. S\u00f3lo queda ver su trabajo. Pasen y vean\u2026<\/p>\n<\/div>\n<p><a href=\"https:\/\/www.javierfalco.com\/blog\/wp-content\/uploads\/2010\/09\/guillemlopez.jpg\"><img loading=\"lazy\" decoding=\"async\" class=\"alignnone size-full wp-image-2378 colorbox-2373\" title=\"guillemlopez\" src=\"https:\/\/www.javierfalco.com\/blog\/wp-content\/uploads\/2010\/09\/guillemlopez.jpg\" alt=\"\" width=\"600\" height=\"937\" srcset=\"https:\/\/www.javierfalco.com\/blog\/wp-content\/uploads\/2010\/09\/guillemlopez.jpg 600w, https:\/\/www.javierfalco.com\/blog\/wp-content\/uploads\/2010\/09\/guillemlopez-192x300.jpg 192w\" sizes=\"auto, (max-width: 600px) 100vw, 600px\" \/><\/a><\/p>\n","protected":false},"excerpt":{"rendered":"<p>Hace justo una semana tuve que desplazarme a Barcelona por motivos de trabajo y aprovech\u00e9 esta rauda visita a la ciudad condal para ponerme en contacto con un Guilem L\u00f3pez que no conoc\u00eda personalmente. Hab\u00eda descubierto recientemente su web, intercambiado &hellip; <a href=\"https:\/\/www.javierfalco.com\/blog\/guillem-lopez\/\">Sigue leyendo <span class=\"meta-nav\">&rarr;<\/span><\/a><\/p>\n","protected":false},"author":4,"featured_media":0,"comment_status":"open","ping_status":"open","sticky":false,"template":"","format":"standard","meta":{"footnotes":""},"categories":[6,1,145,25],"tags":[249,248,245,247,250,246],"class_list":["post-2373","post","type-post","status-publish","format-standard","hentry","category-fotografias-en-la-red","category-general","category-recomendaciones","category-viajes","tag-barcelona","tag-fotografia-de-viajes","tag-guillem-lopez","tag-mongolia","tag-photoshelter","tag-ruta-de-la-seda"],"_links":{"self":[{"href":"https:\/\/www.javierfalco.com\/blog\/wp-json\/wp\/v2\/posts\/2373","targetHints":{"allow":["GET"]}}],"collection":[{"href":"https:\/\/www.javierfalco.com\/blog\/wp-json\/wp\/v2\/posts"}],"about":[{"href":"https:\/\/www.javierfalco.com\/blog\/wp-json\/wp\/v2\/types\/post"}],"author":[{"embeddable":true,"href":"https:\/\/www.javierfalco.com\/blog\/wp-json\/wp\/v2\/users\/4"}],"replies":[{"embeddable":true,"href":"https:\/\/www.javierfalco.com\/blog\/wp-json\/wp\/v2\/comments?post=2373"}],"version-history":[{"count":18,"href":"https:\/\/www.javierfalco.com\/blog\/wp-json\/wp\/v2\/posts\/2373\/revisions"}],"predecessor-version":[{"id":2393,"href":"https:\/\/www.javierfalco.com\/blog\/wp-json\/wp\/v2\/posts\/2373\/revisions\/2393"}],"wp:attachment":[{"href":"https:\/\/www.javierfalco.com\/blog\/wp-json\/wp\/v2\/media?parent=2373"}],"wp:term":[{"taxonomy":"category","embeddable":true,"href":"https:\/\/www.javierfalco.com\/blog\/wp-json\/wp\/v2\/categories?post=2373"},{"taxonomy":"post_tag","embeddable":true,"href":"https:\/\/www.javierfalco.com\/blog\/wp-json\/wp\/v2\/tags?post=2373"}],"curies":[{"name":"wp","href":"https:\/\/api.w.org\/{rel}","templated":true}]}}