{"id":2601,"date":"2010-11-19T12:39:52","date_gmt":"2010-11-19T10:39:52","guid":{"rendered":"http:\/\/www.javierfalco.com\/blog\/?p=2601"},"modified":"2010-11-19T14:04:55","modified_gmt":"2010-11-19T12:04:55","slug":"visual-pacemakers-community","status":"publish","type":"post","link":"https:\/\/www.javierfalco.com\/blog\/visual-pacemakers-community\/","title":{"rendered":"Visual Pacemakers Community"},"content":{"rendered":"<p>No hace mucho tiempo que descubr\u00ed <a href=\"http:\/\/visualpeacemakers.org\">Visual Pacemakers Community<\/a> a trav\u00e9s de la estupenda web <a href=\"http:\/\/www.deepwildphoto.com\">Deep Wild Photo<\/a> de <a href=\"http:\/\/www.deepwildphoto.com\/about\/\">\u00d2scar Dominguez<\/a>, pero hasta hace unos d\u00edas no le hab\u00eda podido prestar la atenci\u00f3n que requer\u00eda.\u00a0Esta comunidad compuesta por unos 180 fot\u00f3grafos de diferentes pa\u00edses, se define como comunicadores visuales dedicados a mostrar la parte amable y pacifica de las diversas culturas, fieles a romper estereotipos negativos para mostrar la belleza y dignidad de las diversas culturas de todo mundo. Aunque su web est\u00e1 en ingl\u00e9s, tambi\u00e9n se pueden leer sus premisas\u00a0<a href=\"http:\/\/visualpeacemakers.org\/about_espanol\">en castellano<\/a>.<\/p>\n<p>Entre sus miembros destacan grandes fot\u00f3grafos como\u00a0<a href=\"http:\/\/www.davidduchemin.com\/\">David duChemin<\/a>,\u00a0<a href=\"http:\/\/www.jeffreychapman.com\/\">Jeffrey Chapman<\/a>,\u00a0<a href=\"http:\/\/www.gavingough.com\/\">Gavin Gough<\/a>,\u00a0<a href=\"http:\/\/www.thedigitaltrekker.com\/\">Matt Brandon<\/a>, etc.\u00a0Tambi\u00e9n podemos encontrar a excelentes fot\u00f3grafos y amigos\u00a0como <a href=\"http:\/\/guillemlopez.com\/\">Guillem L\u00f3pez<\/a> o <a href=\"http:\/\/www.ancorpiu.com\/\">Javier Acebal<\/a>. Me gust\u00f3 la idea, porque aparte de su filosof\u00eda sintetiza el tipo de fotograf\u00eda que m\u00e1s me gusta, as\u00ed que me he\u00a0<a href=\"http:\/\/visualpeacemakers.org\/profile\/569\">unido esta comunidad<\/a>.<\/p>\n<p><a href=\"http:\/\/visualpeacemakers.org\"><img loading=\"lazy\" decoding=\"async\" class=\"alignnone size-full wp-image-2606 colorbox-2601\" title=\"captura\" src=\"https:\/\/www.javierfalco.com\/blog\/wp-content\/uploads\/2010\/11\/captura.jpg\" alt=\"\" width=\"630\" height=\"547\" srcset=\"https:\/\/www.javierfalco.com\/blog\/wp-content\/uploads\/2010\/11\/captura.jpg 630w, https:\/\/www.javierfalco.com\/blog\/wp-content\/uploads\/2010\/11\/captura-300x260.jpg 300w\" sizes=\"auto, (max-width: 630px) 100vw, 630px\" \/><\/a><\/p>\n","protected":false},"excerpt":{"rendered":"<p>No hace mucho tiempo que descubr\u00ed Visual Pacemakers Community a trav\u00e9s de la estupenda web Deep Wild Photo de \u00d2scar Dominguez, pero hasta hace unos d\u00edas no le hab\u00eda podido prestar la atenci\u00f3n que requer\u00eda.\u00a0Esta comunidad compuesta por unos 180 &hellip; <a href=\"https:\/\/www.javierfalco.com\/blog\/visual-pacemakers-community\/\">Sigue leyendo <span class=\"meta-nav\">&rarr;<\/span><\/a><\/p>\n","protected":false},"author":4,"featured_media":0,"comment_status":"open","ping_status":"open","sticky":false,"template":"","format":"standard","meta":{"footnotes":""},"categories":[6,1,83],"tags":[281,280,283,245,285,282,284,261,279],"class_list":["post-2601","post","type-post","status-publish","format-standard","hentry","category-fotografias-en-la-red","category-general","category-noticias","tag-david-duchemin","tag-deep-wild-photo","tag-gavin-gough","tag-guillem-lopez","tag-javier-acebal","tag-jeffrey-chapman","tag-matt-brandon","tag-oscar-dominguez","tag-visual-pacemakers-community"],"_links":{"self":[{"href":"https:\/\/www.javierfalco.com\/blog\/wp-json\/wp\/v2\/posts\/2601","targetHints":{"allow":["GET"]}}],"collection":[{"href":"https:\/\/www.javierfalco.com\/blog\/wp-json\/wp\/v2\/posts"}],"about":[{"href":"https:\/\/www.javierfalco.com\/blog\/wp-json\/wp\/v2\/types\/post"}],"author":[{"embeddable":true,"href":"https:\/\/www.javierfalco.com\/blog\/wp-json\/wp\/v2\/users\/4"}],"replies":[{"embeddable":true,"href":"https:\/\/www.javierfalco.com\/blog\/wp-json\/wp\/v2\/comments?post=2601"}],"version-history":[{"count":13,"href":"https:\/\/www.javierfalco.com\/blog\/wp-json\/wp\/v2\/posts\/2601\/revisions"}],"predecessor-version":[{"id":2617,"href":"https:\/\/www.javierfalco.com\/blog\/wp-json\/wp\/v2\/posts\/2601\/revisions\/2617"}],"wp:attachment":[{"href":"https:\/\/www.javierfalco.com\/blog\/wp-json\/wp\/v2\/media?parent=2601"}],"wp:term":[{"taxonomy":"category","embeddable":true,"href":"https:\/\/www.javierfalco.com\/blog\/wp-json\/wp\/v2\/categories?post=2601"},{"taxonomy":"post_tag","embeddable":true,"href":"https:\/\/www.javierfalco.com\/blog\/wp-json\/wp\/v2\/tags?post=2601"}],"curies":[{"name":"wp","href":"https:\/\/api.w.org\/{rel}","templated":true}]}}