{"id":278,"date":"2009-05-14T11:43:13","date_gmt":"2009-05-14T09:43:13","guid":{"rendered":"http:\/\/www.javierfalco.com\/blog\/?p=278"},"modified":"2009-05-14T11:43:13","modified_gmt":"2009-05-14T09:43:13","slug":"las-fotografia-de-viajes-%c2%bfun-valor-anadido","status":"publish","type":"post","link":"https:\/\/www.javierfalco.com\/blog\/las-fotografia-de-viajes-%c2%bfun-valor-anadido\/","title":{"rendered":"Las fotograf\u00eda de viajes &#8230;\u00bfun valor a\u00f1adido?"},"content":{"rendered":"<p>\u00a0<\/p>\n<div><img loading=\"lazy\" decoding=\"async\" class=\"alignleft size-full wp-image-279 colorbox-278\" title=\"sanbasilio\" src=\"https:\/\/www.javierfalco.com\/blog\/wp-content\/uploads\/2009\/05\/sanbasilio.jpg\" alt=\"sanbasilio\" width=\"300\" height=\"399\" srcset=\"https:\/\/www.javierfalco.com\/blog\/wp-content\/uploads\/2009\/05\/sanbasilio.jpg 300w, https:\/\/www.javierfalco.com\/blog\/wp-content\/uploads\/2009\/05\/sanbasilio-225x300.jpg 225w\" sizes=\"auto, (max-width: 300px) 100vw, 300px\" \/><\/div>\n<div>La fotograf\u00eda de viajes siempre ha sido la que m\u00e1s me ha estimulado y seducido. Es apasionante viajar y si adem\u00e1s lo complementas con la fotograf\u00eda todo adquiere una dimensi\u00f3n mucho m\u00e1s rica.\u00a0<\/div>\n<div>En muchas ocasiones, cuando vemos fotograf\u00edas de sitios lejanos y ex\u00f3ticos o simplemente de otras culturas diferentes a la nuestra, casi inevitablemente nos evoca sensaciones emocionantes que nos atraen irremediablemente. La calidad de la fotograf\u00eda parece no ser tan importante, en este tipo de reportaje, pues le ayuda esa componente \u00abex\u00f3tica\u00bb que tiene.\u00a0<\/div>\n<div>Muchas veces me planteo, el porqu\u00e9 algunas veces le damos m\u00e1s valor al retrato de un se\u00f1or (por ejemplo&#8230; de\u00a0<span class=\"misspell\">Pakist\u00e1n<\/span>) que al retrato de nuestro vecino. O a una playa del caribe\u00a0frente a una de nuestro cercano mediterr\u00e1neo.\u00a0<\/div>\n<div>Lo que deber\u00eda primar es la calidad de la fotograf\u00eda, pero sin embargo en la mayor\u00eda de los casos, nos atrae m\u00e1s el se\u00f1or de\u00a0<span class=\"misspell\">Pakist\u00e1n<\/span>. Imagino que como a nuestro vecino lo vemos todos los d\u00edas, no nos llama tanto la atenci\u00f3n y sin embargo el\u00a0<span class=\"misspell\">pakistan\u00ed<\/span>\u00a0si, porque rezuma\u00a0<span id=\"bad_word\" class=\"misspell\">exotismo<\/span>\u00a0por todos los lados. Ser\u00eda l\u00f3gico pensar lo inverso y que para ese\u00a0<span class=\"misspell\">pakistan\u00ed<\/span>\u00a0nuestro vecino es el ex\u00f3tico.\u00a0<\/div>\n<div>De esta deducci\u00f3n se desprende que las fotos buenas est\u00e1n en todos lados y no hay que irse tan lejos para encontrarlas&#8230;pero a menudo no tenemos suficiente est\u00edmulo con lo que nos rodea y necesitamos viajar con la excusa de hacer fotos.<\/div>\n<div><\/div>\n<div>\u00bfNo os ocurre a vosotros?, \u00bfCre\u00e9is que la fotograf\u00eda de viajes tiene realmente ese valor a\u00f1adido?.\u00a0<\/div>\n","protected":false},"excerpt":{"rendered":"<p>\u00a0 La fotograf\u00eda de viajes siempre ha sido la que m\u00e1s me ha estimulado y seducido. Es apasionante viajar y si adem\u00e1s lo complementas con la fotograf\u00eda todo adquiere una dimensi\u00f3n mucho m\u00e1s rica.\u00a0 En muchas ocasiones, cuando vemos fotograf\u00edas &hellip; <a href=\"https:\/\/www.javierfalco.com\/blog\/las-fotografia-de-viajes-%c2%bfun-valor-anadido\/\">Sigue leyendo <span class=\"meta-nav\">&rarr;<\/span><\/a><\/p>\n","protected":false},"author":4,"featured_media":0,"comment_status":"open","ping_status":"open","sticky":false,"template":"","format":"standard","meta":{"footnotes":""},"categories":[1,25],"tags":[577],"class_list":["post-278","post","type-post","status-publish","format-standard","hentry","category-general","category-viajes","tag-viajes"],"_links":{"self":[{"href":"https:\/\/www.javierfalco.com\/blog\/wp-json\/wp\/v2\/posts\/278","targetHints":{"allow":["GET"]}}],"collection":[{"href":"https:\/\/www.javierfalco.com\/blog\/wp-json\/wp\/v2\/posts"}],"about":[{"href":"https:\/\/www.javierfalco.com\/blog\/wp-json\/wp\/v2\/types\/post"}],"author":[{"embeddable":true,"href":"https:\/\/www.javierfalco.com\/blog\/wp-json\/wp\/v2\/users\/4"}],"replies":[{"embeddable":true,"href":"https:\/\/www.javierfalco.com\/blog\/wp-json\/wp\/v2\/comments?post=278"}],"version-history":[{"count":10,"href":"https:\/\/www.javierfalco.com\/blog\/wp-json\/wp\/v2\/posts\/278\/revisions"}],"predecessor-version":[{"id":289,"href":"https:\/\/www.javierfalco.com\/blog\/wp-json\/wp\/v2\/posts\/278\/revisions\/289"}],"wp:attachment":[{"href":"https:\/\/www.javierfalco.com\/blog\/wp-json\/wp\/v2\/media?parent=278"}],"wp:term":[{"taxonomy":"category","embeddable":true,"href":"https:\/\/www.javierfalco.com\/blog\/wp-json\/wp\/v2\/categories?post=278"},{"taxonomy":"post_tag","embeddable":true,"href":"https:\/\/www.javierfalco.com\/blog\/wp-json\/wp\/v2\/tags?post=278"}],"curies":[{"name":"wp","href":"https:\/\/api.w.org\/{rel}","templated":true}]}}