{"id":2846,"date":"2011-01-27T16:32:23","date_gmt":"2011-01-27T15:32:23","guid":{"rendered":"http:\/\/www.javierfalco.com\/blog\/?p=2846"},"modified":"2011-01-27T16:53:13","modified_gmt":"2011-01-27T15:53:13","slug":"taller-de-fotografia-digital-avanzado","status":"publish","type":"post","link":"https:\/\/www.javierfalco.com\/blog\/taller-de-fotografia-digital-avanzado\/","title":{"rendered":"Taller de fotograf\u00eda digital avanzado"},"content":{"rendered":"<p>El pasado lunes comenzaba un <a href=\"http:\/\/www.flickr.com\/photos\/manolo_lara\/5351598178\/\">taller de fotograf\u00eda digital avanzado<\/a>, que a cargo de su profesor\u00a0<a href=\"http:\/\/www.flickr.com\/people\/manolo_lara\/\">Manolo Lara<\/a> organiza la <a href=\"http:\/\/maps.google.es\/maps?f=q&amp;source=s_q&amp;hl=es&amp;geocode=&amp;q=Santa+Pola,+elche,+26&amp;sll=38.193875,-0.557256&amp;sspn=0.007041,0.013529&amp;gl=es&amp;g=Santa+Pola,+elche,26&amp;ie=UTF8&amp;hq=&amp;hnear=Calle+de+Elche,+26,+03130+Santa+Pola,+Alicante,+Comunidad+Valenciana&amp;ll=38.193554,-0.556237&amp;spn=0.007041,0.017617&amp;z=17\">casa de cultura del Ayuntamiento de Santa Pola<\/a>. Se trata de un curso que ya sab\u00eda que se iba realizar desde el a\u00f1o pasado, cuando <a href=\"https:\/\/www.javierfalco.com\/blog\/?p=1984\">conoc\u00ed <\/a>los medios que la casa de cultura de esta localidad dispone. Es un taller con una duraci\u00f3n de 80 horas que terminar\u00e1 en mayo y que me pilla pr\u00e1cticamente al lado de casa. He cre\u00eddo oportuno realizarlo, pues siempre se enriquece uno con nuevos conocimientos -que en algunos casos crees tener o simplemente subestimas-, corriges defectos y sobre todo cambias impresiones con otras personas con inquietudes similares a la tuya.<\/p>\n<p>El temario es el siguiente:<\/p>\n<ul>\n<li>Lightroom 3.<\/li>\n<li>Photoshop CS5. Retoque retrato.<\/li>\n<li>Blanco y negro digital de alta calidad.<\/li>\n<li>Iluminaci\u00f3n en estudio y strobist. Retrato.<\/li>\n<li>Creaci\u00f3n y seguimiento del proyecto personal expositivo.<\/li>\n<li>Preparaci\u00f3n exposici\u00f3n final de curso. Creativa 11.<\/li>\n<\/ul>\n<p>Somos un grupo de ocho alumnos, lo que hace que la atenci\u00f3n recibida sea la adecuada. Alumnos con tendencias fotogr\u00e1ficas distintas, pero con intereses convergentes, hemos coincidido en este taller donde se respira un ambiente estupendo.<\/p>\n<p>Iniciamos el taller con una revisi\u00f3n de como <a href=\"http:\/\/www.fotoaltacalidad.com\/\">Mellado<\/a> sugiere exponer en digital cuidando especialmente el histograma en la zona de las luces altas, que es donde tenemos m\u00e1s informaci\u00f3n, acompa\u00f1ado de su parte te\u00f3rica que siempre viene bien tener clara. Hicimos una pruebas de estudio para poner en pr\u00e1ctica esas recomendaciones\u00a0y de paso trabajar de manera experimental con luz fluorescente. En esas pruebas recurrimos a\u00a0<a href=\"http:\/\/digimag.es\/x-rite-colorchecker-passport-a-prueba\/\">Color Checker<\/a> como herramienta para calibrar la luz ambiente, fundamental a la hora del postproceso. La calibraci\u00f3n de los monitores con un <a href=\"http:\/\/www.microgamma.com\/gretagmacbeth\/eye_one_2.php?gclid=CJ6ao_qg2qYCFcoifAoduXIa7A\">Eye One Display 2<\/a> y una puesta en com\u00fan del tipo de proyecto que se piensa llevar a cabo para la exposici\u00f3n colectiva, ha sido el arranque de esta primera semana que apunta buenas maneras. En la sesi\u00f3n de fotos nos fuimos rotando como modelos cada uno de los alumnos, para que todos pudi\u00e9ramos hacer las fotograf\u00edas. Fue divertido y sobre todo curioso estar al otro lado de la c\u00e1mara y experimentar esa sensaci\u00f3n de jugar a ser modelo que no es nada f\u00e1cil.<\/p>\n<p><a href=\"https:\/\/www.javierfalco.com\/blog\/wp-content\/uploads\/2011\/01\/MG_5160.jpg\"><img loading=\"lazy\" decoding=\"async\" class=\"alignnone size-full wp-image-2847 colorbox-2846\" title=\"_MG_5160\" src=\"https:\/\/www.javierfalco.com\/blog\/wp-content\/uploads\/2011\/01\/MG_5160.jpg\" alt=\"\" width=\"640\" height=\"426\" srcset=\"https:\/\/www.javierfalco.com\/blog\/wp-content\/uploads\/2011\/01\/MG_5160.jpg 800w, https:\/\/www.javierfalco.com\/blog\/wp-content\/uploads\/2011\/01\/MG_5160-300x199.jpg 300w\" sizes=\"auto, (max-width: 640px) 100vw, 640px\" \/><\/a><\/p>\n","protected":false},"excerpt":{"rendered":"<p>El pasado lunes comenzaba un taller de fotograf\u00eda digital avanzado, que a cargo de su profesor\u00a0Manolo Lara organiza la casa de cultura del Ayuntamiento de Santa Pola. Se trata de un curso que ya sab\u00eda que se iba realizar desde &hellip; <a href=\"https:\/\/www.javierfalco.com\/blog\/taller-de-fotografia-digital-avanzado\/\">Sigue leyendo <span class=\"meta-nav\">&rarr;<\/span><\/a><\/p>\n","protected":false},"author":4,"featured_media":0,"comment_status":"open","ping_status":"open","sticky":false,"template":"","format":"standard","meta":{"footnotes":""},"categories":[91,1],"tags":[318,317,316,202],"class_list":["post-2846","post","type-post","status-publish","format-standard","hentry","category-cursos","category-general","tag-color-checker","tag-eye-one-display-2","tag-jose-maria-mellado","tag-manolo-lara"],"_links":{"self":[{"href":"https:\/\/www.javierfalco.com\/blog\/wp-json\/wp\/v2\/posts\/2846","targetHints":{"allow":["GET"]}}],"collection":[{"href":"https:\/\/www.javierfalco.com\/blog\/wp-json\/wp\/v2\/posts"}],"about":[{"href":"https:\/\/www.javierfalco.com\/blog\/wp-json\/wp\/v2\/types\/post"}],"author":[{"embeddable":true,"href":"https:\/\/www.javierfalco.com\/blog\/wp-json\/wp\/v2\/users\/4"}],"replies":[{"embeddable":true,"href":"https:\/\/www.javierfalco.com\/blog\/wp-json\/wp\/v2\/comments?post=2846"}],"version-history":[{"count":29,"href":"https:\/\/www.javierfalco.com\/blog\/wp-json\/wp\/v2\/posts\/2846\/revisions"}],"predecessor-version":[{"id":2877,"href":"https:\/\/www.javierfalco.com\/blog\/wp-json\/wp\/v2\/posts\/2846\/revisions\/2877"}],"wp:attachment":[{"href":"https:\/\/www.javierfalco.com\/blog\/wp-json\/wp\/v2\/media?parent=2846"}],"wp:term":[{"taxonomy":"category","embeddable":true,"href":"https:\/\/www.javierfalco.com\/blog\/wp-json\/wp\/v2\/categories?post=2846"},{"taxonomy":"post_tag","embeddable":true,"href":"https:\/\/www.javierfalco.com\/blog\/wp-json\/wp\/v2\/tags?post=2846"}],"curies":[{"name":"wp","href":"https:\/\/api.w.org\/{rel}","templated":true}]}}