{"id":290,"date":"2009-05-21T19:25:51","date_gmt":"2009-05-21T17:25:51","guid":{"rendered":"http:\/\/www.javierfalco.com\/blog\/?p=290"},"modified":"2009-05-22T08:17:18","modified_gmt":"2009-05-22T06:17:18","slug":"fotoblogs-que-me-inspiran","status":"publish","type":"post","link":"https:\/\/www.javierfalco.com\/blog\/fotoblogs-que-me-inspiran\/","title":{"rendered":"Fotoblogs que me inspiran"},"content":{"rendered":"<p><img loading=\"lazy\" decoding=\"async\" class=\"alignleft size-full wp-image-334 colorbox-290\" title=\"javiindy\" src=\"https:\/\/www.javierfalco.com\/blog\/wp-content\/uploads\/2009\/05\/javiindy.jpg\" alt=\"javiindy\" width=\"240\" height=\"240\" srcset=\"https:\/\/www.javierfalco.com\/blog\/wp-content\/uploads\/2009\/05\/javiindy.jpg 300w, https:\/\/www.javierfalco.com\/blog\/wp-content\/uploads\/2009\/05\/javiindy-150x150.jpg 150w, https:\/\/www.javierfalco.com\/blog\/wp-content\/uploads\/2009\/05\/javiindy-48x48.jpg 48w\" sizes=\"auto, (max-width: 240px) 100vw, 240px\" \/>Despu\u00e9s de casi un a\u00f1o de funcionamiento de \u00ab<a href=\"http:\/\/www.javierfalco.com\/fotoblog\/\">Fotograf\u00edas de Javier Falc\u00f3<\/a>\u00ab, he podido intercambiar comentarios con muchos fotoblogers y conocer parte de sus trabajos. Ser\u00eda prepotente por mi parte decir que conozco de una manera global el panomara fotobloguero, pues son miles de fotoblogs los que existen en la red. Si que podr\u00eda decir, que mirando en las principales plataformas de fotoblogers y d\u00e1ndose una vuelta por premios como el <a href=\"http:\/\/www.photoblogawards.com\/\">Photoblog Awards<\/a> (sobre este tema, escribir\u00e9 una entrada m\u00e1s adelante) podemos ver los que est\u00e1n m\u00e1s activos y los que mayor repercusi\u00f3n tienen actualmente.<\/p>\n<p>M\u00e1s all\u00e1 de catalogarlos en funci\u00f3n de su calidad, ya que eso es muy subjetivo, si que es verdad que cada observador (en este caso, el que escribe estas l\u00edneas) tiene unas preferencias. Hay fotoblogs que muestran un trabajo que sigues con sumo inter\u00e9s, pues te gusta su estilo y nunca dejas de sorprenderte de la capacidad creativa de sus autores.<\/p>\n<p>Con esta entrada me propongo rese\u00f1ar cada mes un fotoblog y a su autor, que de manera significativa me gusta particularmente, ya que \u00a0encaja con el estilo fotogr\u00e1fico que a mi me atrae.\u00a0<\/p>\n<p>Javier S\u00e1nchez Mingorance y su fotoblog <a href=\"http:\/\/www.javiindy.com\/photoblog\/\">javiindy.com<\/a> me parece uno de los m\u00e1s interesantes, de los casi 100 feeds a los que estoy suscrito, porque es un fot\u00f3grafo muy vers\u00e1til y con una gran dominio de la t\u00e9cnica. Pero lo m\u00e1s importante es que \u00ab<em>sabe ver<\/em>\u00bb y eso&#8230;. no nos enga\u00f1emos, si lo sabes usar, es un don.\u00a0<\/p>\n<p>Recientemente su<a href=\"http:\/\/www.javiindy.com\/photoblog\/index.php?x=browse\"> fotoblog<\/a> ha sufrido un <a href=\"http:\/\/javiindy.blogspot.com\/2009\/05\/mi-amigo-gumblar.html\">percance<\/a> y lo ha tenido que reconstruir, por lo que todav\u00eda le faltan fotos por subir, para tenerlo actualizado al 100%. No obstante ya se puede apreciar la calidad de sus trabajos, destacando especialmente sus fotograf\u00edas neoyorkinas que quitan el hipo.<\/p>\n<p>Cada vez que mi lector de feeds detecta que <a href=\"http:\/\/www.javiindy.com\/photoblog\/index.php?x=about\">Javi<\/a>, ha subido una nueva fotograf\u00eda, es casi siempre una grata sorpresa creativa. Os lo recomiendo.<\/p>\n<p>\u00a0<\/p>\n<p class=\"wp-caption-dd\"><em>Nota: La Fotograf\u00eda que ilustra esta entrada es propiedad de\u00a0Javier S\u00e1nchez Mingorance, usada con permiso del autor.<\/em><\/p>\n","protected":false},"excerpt":{"rendered":"<p>Despu\u00e9s de casi un a\u00f1o de funcionamiento de \u00abFotograf\u00edas de Javier Falc\u00f3\u00ab, he podido intercambiar comentarios con muchos fotoblogers y conocer parte de sus trabajos. Ser\u00eda prepotente por mi parte decir que conozco de una manera global el panomara fotobloguero, &hellip; <a href=\"https:\/\/www.javierfalco.com\/blog\/fotoblogs-que-me-inspiran\/\">Sigue leyendo <span class=\"meta-nav\">&rarr;<\/span><\/a><\/p>\n","protected":false},"author":4,"featured_media":0,"comment_status":"open","ping_status":"open","sticky":false,"template":"","format":"standard","meta":{"footnotes":""},"categories":[6],"tags":[26,27],"class_list":["post-290","post","type-post","status-publish","format-standard","hentry","category-fotografias-en-la-red","tag-fotoblog","tag-photoblog-awards"],"_links":{"self":[{"href":"https:\/\/www.javierfalco.com\/blog\/wp-json\/wp\/v2\/posts\/290","targetHints":{"allow":["GET"]}}],"collection":[{"href":"https:\/\/www.javierfalco.com\/blog\/wp-json\/wp\/v2\/posts"}],"about":[{"href":"https:\/\/www.javierfalco.com\/blog\/wp-json\/wp\/v2\/types\/post"}],"author":[{"embeddable":true,"href":"https:\/\/www.javierfalco.com\/blog\/wp-json\/wp\/v2\/users\/4"}],"replies":[{"embeddable":true,"href":"https:\/\/www.javierfalco.com\/blog\/wp-json\/wp\/v2\/comments?post=290"}],"version-history":[{"count":66,"href":"https:\/\/www.javierfalco.com\/blog\/wp-json\/wp\/v2\/posts\/290\/revisions"}],"predecessor-version":[{"id":358,"href":"https:\/\/www.javierfalco.com\/blog\/wp-json\/wp\/v2\/posts\/290\/revisions\/358"}],"wp:attachment":[{"href":"https:\/\/www.javierfalco.com\/blog\/wp-json\/wp\/v2\/media?parent=290"}],"wp:term":[{"taxonomy":"category","embeddable":true,"href":"https:\/\/www.javierfalco.com\/blog\/wp-json\/wp\/v2\/categories?post=290"},{"taxonomy":"post_tag","embeddable":true,"href":"https:\/\/www.javierfalco.com\/blog\/wp-json\/wp\/v2\/tags?post=290"}],"curies":[{"name":"wp","href":"https:\/\/api.w.org\/{rel}","templated":true}]}}