{"id":359,"date":"2009-05-28T08:07:17","date_gmt":"2009-05-28T06:07:17","guid":{"rendered":"http:\/\/www.javierfalco.com\/blog\/?p=359"},"modified":"2009-07-17T13:22:29","modified_gmt":"2009-07-17T11:22:29","slug":"mi-querido-monstruo-comefotos-llamado-fotoblog","status":"publish","type":"post","link":"https:\/\/www.javierfalco.com\/blog\/mi-querido-monstruo-comefotos-llamado-fotoblog\/","title":{"rendered":"Mi querido monstruo comefotos, llamado \u00abFotoblog\u00bb."},"content":{"rendered":"<p><img loading=\"lazy\" decoding=\"async\" class=\"alignleft size-full wp-image-365 colorbox-359\" title=\"postfotoblog\" src=\"https:\/\/www.javierfalco.com\/blog\/wp-content\/uploads\/2009\/05\/postfotoblog.jpg\" alt=\"postfotoblog\" width=\"300\" height=\"231\" \/><\/p>\n<p>Mantener vivo un\u00a0fotoblog\u00a0no es tarea f\u00e1cil, a no ser que se tenga un gran archivo. En mi caso particular, como s\u00f3lo tengo mi\u00a0r\u00e9flex\u00a0digital un a\u00f1o y medio, apenas tengo reservas y constantemente he de hacer fotos nuevas para dar de comer a mi querido monstruo comefotos, llamado \u00abFotoblog\u00bb.<\/p>\n<div>Soy partidario de que un\u00a0fotoblog, aunque tenga grandes fotograf\u00edas, si no es din\u00e1mico y constantemente se actualiza, va perdiendo inter\u00e9s. Por otro lado, uno de los usos m\u00e1s interesantes que se le pueden dar a un\u00a0fotoblog, es usarlo como laboratorio, para ir mejorado nuestra t\u00e9cnica y en base a los comentarios y sugerencias, descubrir nuevas formas de plantearnos la fotograf\u00eda. En muchas ocasiones, me veo obligado por falta de material a subir fotograf\u00edas, que bajo mi punto de vista son poco interesantes o francamente mediocres, pero siempre ser\u00e1n \u00fatiles, si con posterioridad son comentadas, pues habr\u00e1n servido para aprender.<\/div>\n<div><\/div>\n<div>Para exponer el trabajo personal de cualquier fot\u00f3grafo, sea profesional o aficionado, quiz\u00e1 sea m\u00e1s efectivo usar una galer\u00eda de fotos (por ejemplo en\u00a0flash) donde est\u00e9n resumidas las mejores fotograf\u00edas.<\/div>\n<div><\/div>\n<div>En definitiva, subir fotos con regularidad es toda una motivaci\u00f3n y un reto, pues exige constancia. \u00bfQu\u00e9 opin\u00e1is sobre este tema? \u00bfPens\u00e1is que hay que ser m\u00e1s selectivos? \u00bfMejor calidad que cantidad?<\/div>\n","protected":false},"excerpt":{"rendered":"<p>Mantener vivo un\u00a0fotoblog\u00a0no es tarea f\u00e1cil, a no ser que se tenga un gran archivo. En mi caso particular, como s\u00f3lo tengo mi\u00a0r\u00e9flex\u00a0digital un a\u00f1o y medio, apenas tengo reservas y constantemente he de hacer fotos nuevas para dar de &hellip; <a href=\"https:\/\/www.javierfalco.com\/blog\/mi-querido-monstruo-comefotos-llamado-fotoblog\/\">Sigue leyendo <span class=\"meta-nav\">&rarr;<\/span><\/a><\/p>\n","protected":false},"author":4,"featured_media":0,"comment_status":"open","ping_status":"open","sticky":false,"template":"","format":"standard","meta":{"footnotes":""},"categories":[6],"tags":[26],"class_list":["post-359","post","type-post","status-publish","format-standard","hentry","category-fotografias-en-la-red","tag-fotoblog"],"_links":{"self":[{"href":"https:\/\/www.javierfalco.com\/blog\/wp-json\/wp\/v2\/posts\/359","targetHints":{"allow":["GET"]}}],"collection":[{"href":"https:\/\/www.javierfalco.com\/blog\/wp-json\/wp\/v2\/posts"}],"about":[{"href":"https:\/\/www.javierfalco.com\/blog\/wp-json\/wp\/v2\/types\/post"}],"author":[{"embeddable":true,"href":"https:\/\/www.javierfalco.com\/blog\/wp-json\/wp\/v2\/users\/4"}],"replies":[{"embeddable":true,"href":"https:\/\/www.javierfalco.com\/blog\/wp-json\/wp\/v2\/comments?post=359"}],"version-history":[{"count":11,"href":"https:\/\/www.javierfalco.com\/blog\/wp-json\/wp\/v2\/posts\/359\/revisions"}],"predecessor-version":[{"id":719,"href":"https:\/\/www.javierfalco.com\/blog\/wp-json\/wp\/v2\/posts\/359\/revisions\/719"}],"wp:attachment":[{"href":"https:\/\/www.javierfalco.com\/blog\/wp-json\/wp\/v2\/media?parent=359"}],"wp:term":[{"taxonomy":"category","embeddable":true,"href":"https:\/\/www.javierfalco.com\/blog\/wp-json\/wp\/v2\/categories?post=359"},{"taxonomy":"post_tag","embeddable":true,"href":"https:\/\/www.javierfalco.com\/blog\/wp-json\/wp\/v2\/tags?post=359"}],"curies":[{"name":"wp","href":"https:\/\/api.w.org\/{rel}","templated":true}]}}