{"id":4053,"date":"2011-12-01T14:26:03","date_gmt":"2011-12-01T13:26:03","guid":{"rendered":"http:\/\/www.javierfalco.com\/blog\/?p=4053"},"modified":"2011-12-01T15:47:46","modified_gmt":"2011-12-01T14:47:46","slug":"dpp-cr-lr-aperture-que-mas-da-si-no-progresamos-haciendo-mejores-fotografias","status":"publish","type":"post","link":"https:\/\/www.javierfalco.com\/blog\/dpp-cr-lr-aperture-que-mas-da-si-no-progresamos-haciendo-mejores-fotografias\/","title":{"rendered":"DPP, CR, LR, Aperture, qu\u00e9 m\u00e1s da, si no progresamos haciendo mejores fotograf\u00edas."},"content":{"rendered":"<p>Hace tiempo que uso <a href=\"http:\/\/www.adobe.com\/products\/photoshoplightroom\/\">Lightroom<\/a> como herramienta para procesar mis fotograf\u00edas. Es c\u00f3modo y tiene suficientes recursos para dar una soluci\u00f3n global a \u00abcasi\u00bb todas la necesidades que cualquier fot\u00f3grafo puede demandar. Si se ha de profundizar m\u00e1s, hay que morir en soluciones como\u00a0<a href=\"http:\/\/www.adobe.com\/es\/products\/photoshop\/extend.html\">Camera Raw + Photoshop<\/a>, ganando en recursos de procesado y perdiendo en la clasificaci\u00f3n, organizaci\u00f3n y flujos de trabajo en general que aportan soluciones \u00abtodo en uno\u00bb como son <a href=\"http:\/\/www.adobe.com\/products\/photoshoplightroom\/\">Lightroom<\/a>\u00a0o <a href=\"http:\/\/www.apple.com\/es\/aperture\/\">Aperture<\/a>.<\/p>\n<p>Sin embargo, cuando me plante\u00e9 procesar las fotograf\u00edas que us\u00e9 en la <a href=\"https:\/\/www.javierfalco.com\/blog\/?page_id=3813\">exposici\u00f3n<\/a> que present\u00e9 en la UMH el pasado septiembre, las proces\u00e9 con el software original de mi c\u00e1mara (<a href=\"http:\/\/www.canon-europe.com\/support\/software\/dpp\/\">Digital Photo Professional<\/a>). Pens\u00e9 que el significativo tama\u00f1o de las fotograf\u00edas expuestas compromet\u00edan seriamente el resultado final en la impresi\u00f3n y quer\u00eda la m\u00e1xima calidad en el procesado. Hice algunas pruebas con LR, pero al final segu\u00ed unas recomendaciones que hab\u00eda o\u00eddo por parte de <a href=\"http:\/\/www.josebruiz.com\/\">Jos\u00e9 Benito Ruiz<\/a> sobre este tema. \u00c9l usa DPP en el procesado de sus fotograf\u00edas por varios motivos. El primero porque se lo sugieren la mayor\u00edas de las agencias nacionales e internacionales con las que trabaja, argumentado que al trabajar con software nativo del fabricante se asegura la mejor calidad posible, pues son ellos los creadores de los algoritmos que desencriptan los RAW\u2019s que ellos mismos han creado. No s\u00e9 si estos niveles de exigencia se pueden traducir f\u00e1cilmente en mejores resultados, pero el caso es que yo apost\u00e9 por esa opci\u00f3n y el resultado ha sido altamente satisfactorio.<\/p>\n<p>Es verdad que el software proporcionado por los fabricantes es muy limitado en cuanto a retoque y flujos de trabajo se refiere, pero eso tiene arreglo simultane\u00e1ndolo con otras herramientas. Me parece que es una bueno tener una alternativa (aunque sea mixta) frente al todo poderoso <a href=\"http:\/\/www.adobe.com\/products\/photoshoplightroom\/\">LR <\/a>o <a href=\"http:\/\/www.apple.com\/es\/aperture\/\">Aperture<\/a>. A continuaci\u00f3n os enlazo unos v\u00eddeos recientes del curso \u201c<a href=\"http:\/\/www.tucamon.es\/contenido\/faq-365-dias-de-fotografia\">Un a\u00f1o de fotograf\u00eda<\/a>\u201d que versa sobre (<a href=\"http:\/\/vimeo.com\/31946757\">procesado<\/a> y <a href=\"http:\/\/vimeo.com\/32657648\">flujo de trabajo<\/a>) poniendo de relieve esta alternativa de manera clara y sencilla.<\/p>\n<p>Es bueno matizar que estos software que proporciona el fabricante con la c\u00e1mara, est\u00e1n pensados para ajustar las fotograf\u00edas y no para retocarlas m\u00e1s all\u00e1 de eliminar manchas de polvo en el sensor y alguna que otra cosa m\u00e1s. Si eres de los que te gusta trata la imagen por zonas y crear capas de ajuste por doquier, con esto no tienes ni para empezar. En mi caso que vengo de la diapositiva, no me gusta tocar las fotograf\u00edas mucho y prefiero esforzarme en cuidar la toma e intentar que transmita algo. De esta manera se evita tener que compensar con horas de procesado, las carencias de la fotograf\u00eda tanto en su realizaci\u00f3n como en lo que se refiere al retoque que exige una fotograf\u00eda pobre porque de otra manera parece no resultar atractiva.<\/p>\n<p>\u00bfY a que viene esta reflexi\u00f3n?, pues a que todas las herramientas de procesado que tenemos a nuestro alcance tienen sus ventajas e inconvenientes y siempre genera duda cual escoger. Al final uno suele darle vueltas y vueltas a este tipo de cosas que generan muchas discusiones y sobre todo multitud de bibliograf\u00eda. A veces le dedicamos demasiado tiempo a estos menesteres, descuidando la elaboraci\u00f3n de la fotograf\u00eda en si misma. Siempre ser\u00e1 preferible acudir a alguien que sepa procesar mejor que nosotros ante un necesidad puntual (exposici\u00f3n, proyecci\u00f3n, etc.) que saber procesar estupendamente una fotograf\u00eda que apenas tenga inter\u00e9s, porque en ese aspecto tengamos poco que aportar. Tenemos mucho que aprender y sobre todo ir paso a paso.<\/p>\n<p><a href=\"https:\/\/www.javierfalco.com\/blog\/wp-content\/uploads\/2011\/11\/Captura-de-pantalla-2011-11-29-a-las-21.23.36.jpg\"><img loading=\"lazy\" decoding=\"async\" class=\"alignnone size-full wp-image-4054 colorbox-4053\" title=\"Captura-de-pantalla-2011-11-29-a-las-21.23.36\" src=\"https:\/\/www.javierfalco.com\/blog\/wp-content\/uploads\/2011\/11\/Captura-de-pantalla-2011-11-29-a-las-21.23.36.jpg\" alt=\"\" width=\"310\" height=\"300\" \/><\/a>\u00a0<a href=\"https:\/\/www.javierfalco.com\/blog\/wp-content\/uploads\/2011\/11\/Captura-de-pantalla-2011-11-29-a-las-21.25.22.jpg\"><img loading=\"lazy\" decoding=\"async\" class=\"alignnone size-full wp-image-4055 colorbox-4053\" title=\"Captura-de-pantalla-2011-11-29-a-las-21.25.22\" src=\"https:\/\/www.javierfalco.com\/blog\/wp-content\/uploads\/2011\/11\/Captura-de-pantalla-2011-11-29-a-las-21.25.22.jpg\" alt=\"\" width=\"310\" height=\"300\" \/><\/a><\/p>\n","protected":false},"excerpt":{"rendered":"<p>Hace tiempo que uso Lightroom como herramienta para procesar mis fotograf\u00edas. Es c\u00f3modo y tiene suficientes recursos para dar una soluci\u00f3n global a \u00abcasi\u00bb todas la necesidades que cualquier fot\u00f3grafo puede demandar. Si se ha de profundizar m\u00e1s, hay que &hellip; <a href=\"https:\/\/www.javierfalco.com\/blog\/dpp-cr-lr-aperture-que-mas-da-si-no-progresamos-haciendo-mejores-fotografias\/\">Sigue leyendo <span class=\"meta-nav\">&rarr;<\/span><\/a><\/p>\n","protected":false},"author":4,"featured_media":0,"comment_status":"open","ping_status":"open","sticky":false,"template":"","format":"standard","meta":{"footnotes":""},"categories":[1,145,80],"tags":[93,410,92],"class_list":["post-4053","post","type-post","status-publish","format-standard","hentry","category-general","category-recomendaciones","category-tecnica","tag-aperture","tag-digital-photo-professional","tag-lightroom"],"_links":{"self":[{"href":"https:\/\/www.javierfalco.com\/blog\/wp-json\/wp\/v2\/posts\/4053","targetHints":{"allow":["GET"]}}],"collection":[{"href":"https:\/\/www.javierfalco.com\/blog\/wp-json\/wp\/v2\/posts"}],"about":[{"href":"https:\/\/www.javierfalco.com\/blog\/wp-json\/wp\/v2\/types\/post"}],"author":[{"embeddable":true,"href":"https:\/\/www.javierfalco.com\/blog\/wp-json\/wp\/v2\/users\/4"}],"replies":[{"embeddable":true,"href":"https:\/\/www.javierfalco.com\/blog\/wp-json\/wp\/v2\/comments?post=4053"}],"version-history":[{"count":22,"href":"https:\/\/www.javierfalco.com\/blog\/wp-json\/wp\/v2\/posts\/4053\/revisions"}],"predecessor-version":[{"id":4077,"href":"https:\/\/www.javierfalco.com\/blog\/wp-json\/wp\/v2\/posts\/4053\/revisions\/4077"}],"wp:attachment":[{"href":"https:\/\/www.javierfalco.com\/blog\/wp-json\/wp\/v2\/media?parent=4053"}],"wp:term":[{"taxonomy":"category","embeddable":true,"href":"https:\/\/www.javierfalco.com\/blog\/wp-json\/wp\/v2\/categories?post=4053"},{"taxonomy":"post_tag","embeddable":true,"href":"https:\/\/www.javierfalco.com\/blog\/wp-json\/wp\/v2\/tags?post=4053"}],"curies":[{"name":"wp","href":"https:\/\/api.w.org\/{rel}","templated":true}]}}