{"id":5065,"date":"2012-12-17T14:48:42","date_gmt":"2012-12-17T13:48:42","guid":{"rendered":"http:\/\/www.javierfalco.com\/blog\/?p=5065"},"modified":"2012-12-17T14:48:42","modified_gmt":"2012-12-17T13:48:42","slug":"tino-soriano-conceptos-e-ingredientes-fotograficos","status":"publish","type":"post","link":"https:\/\/www.javierfalco.com\/blog\/tino-soriano-conceptos-e-ingredientes-fotograficos\/","title":{"rendered":"Tino Soriano: Conceptos e ingredientes fotogr\u00e1ficos"},"content":{"rendered":"<p><a href=\"https:\/\/www.javierfalco.com\/blog\/wp-content\/uploads\/2012\/12\/16122012-_MG_7713.jpg\"><img loading=\"lazy\" decoding=\"async\" class=\"alignleft colorbox-5065\" title=\"Tino Soriano\" src=\"https:\/\/www.javierfalco.com\/blog\/wp-content\/uploads\/2012\/12\/16122012-_MG_7713-199x300.jpg\" alt=\"\" width=\"199\" height=\"300\" \/><\/a>Ya he <a href=\"https:\/\/www.javierfalco.com\/blog\/?s=Tino+Soriano\">escrito<\/a> con anterioridad sobre <a href=\"http:\/\/www.tinosoriano.com\">Tino Soriano<\/a>\u00a0y dejado patente mi inter\u00e9s sobre su trabajo. Este fin de semana acud\u00ed al taller que imparti\u00f3 en el <a href=\"http:\/\/www.espaidartfotografic.com\">Espai d\u2019art fotogr\u00e0fic<\/a> de Valencia con la fotograf\u00eda de viajes y su v\u00ednculo con el <a href=\"http:\/\/www.nationalgeographic.com\">National Geographic<\/a> como trasfondo.<\/p>\n<p>En constante reflexi\u00f3n fotogr\u00e1fica siempre intento saber donde voy y definir el tipo fotograf\u00eda que realmente me motiva. En este sentido fot\u00f3grafos como \u00e9l, son sin duda un referente e incluso un est\u00edmulo.<\/p>\n<p>Este taller me ha ayudado a disipar algunas dudas y consolidar planteamientos. Por otro lado te permite descubrir cosas nuevas, compartir experiencias y puntos de vista. Tino tiene muchas tablas y analizar con \u00e9l fotograf\u00edas para ver sus pros y sus contras te ense\u00f1a a mirar.<\/p>\n<p>Ha sido un taller muy intenso (muchas horas en poco tiempo), pero muy interesante. Muchos fot\u00f3grafos tienen amplios conocimientos de fotograf\u00eda pero carecen de habilidades docentes. Tino tiene talento, es afable y sabe ense\u00f1ar.<\/p>\n<p>Nos traslad\u00f3 la importancia de los conceptos a incorporar a una imagen, as\u00ed como del manejo del color y de tener paciencia para esperar que el instante decisivo aparezca delante de nosotros. Todos estos aspectos son claves para hacer buenas fotograf\u00edas. Errores que se deben evitar a la hora de fotograf\u00edar, c\u00f3mo mostrar tu trabajo (menos es m\u00e1s)\u00a0tambi\u00e9n\u00a0fueron otros temas que se abordaron junto a su trayectoria dentro del <a href=\"http:\/\/www.nationalgeographic.com\">National Geographic<\/a>.<\/p>\n<p><a href=\"https:\/\/www.javierfalco.com\/blog\/wp-content\/uploads\/2012\/12\/16122012-_MG_7710.jpg\"><img loading=\"lazy\" decoding=\"async\" class=\"alignnone  wp-image-5064 colorbox-5065\" title=\"Taller Tino Soriano\" src=\"https:\/\/www.javierfalco.com\/blog\/wp-content\/uploads\/2012\/12\/16122012-_MG_7710-300x199.jpg\" alt=\"\" width=\"315\" height=\"210\" srcset=\"https:\/\/www.javierfalco.com\/blog\/wp-content\/uploads\/2012\/12\/16122012-_MG_7710-300x199.jpg 300w, https:\/\/www.javierfalco.com\/blog\/wp-content\/uploads\/2012\/12\/16122012-_MG_7710.jpg 800w\" sizes=\"auto, (max-width: 315px) 100vw, 315px\" \/><\/a>\u00a0<a href=\"https:\/\/www.javierfalco.com\/blog\/wp-content\/uploads\/2012\/12\/16122012-_MG_7726.jpg\"><img class=\"colorbox-5065\"  loading=\"lazy\" decoding=\"async\" title=\"Taller Tino Soriano\" src=\"https:\/\/www.javierfalco.com\/blog\/wp-content\/uploads\/2012\/12\/16122012-_MG_7726-300x199.jpg\" alt=\"\" width=\"315\" height=\"210\" \/><\/a><\/p>\n","protected":false},"excerpt":{"rendered":"<p>Ya he escrito con anterioridad sobre Tino Soriano\u00a0y dejado patente mi inter\u00e9s sobre su trabajo. Este fin de semana acud\u00ed al taller que imparti\u00f3 en el Espai d\u2019art fotogr\u00e0fic de Valencia con la fotograf\u00eda de viajes y su v\u00ednculo con &hellip; <a href=\"https:\/\/www.javierfalco.com\/blog\/tino-soriano-conceptos-e-ingredientes-fotograficos\/\">Sigue leyendo <span class=\"meta-nav\">&rarr;<\/span><\/a><\/p>\n","protected":false},"author":4,"featured_media":0,"comment_status":"open","ping_status":"open","sticky":false,"template":"","format":"standard","meta":{"footnotes":""},"categories":[91,1],"tags":[509,365,510],"class_list":["post-5065","post","type-post","status-publish","format-standard","hentry","category-cursos","category-general","tag-espai-dart-fotografic","tag-tino-soriano","tag-valencia"],"_links":{"self":[{"href":"https:\/\/www.javierfalco.com\/blog\/wp-json\/wp\/v2\/posts\/5065","targetHints":{"allow":["GET"]}}],"collection":[{"href":"https:\/\/www.javierfalco.com\/blog\/wp-json\/wp\/v2\/posts"}],"about":[{"href":"https:\/\/www.javierfalco.com\/blog\/wp-json\/wp\/v2\/types\/post"}],"author":[{"embeddable":true,"href":"https:\/\/www.javierfalco.com\/blog\/wp-json\/wp\/v2\/users\/4"}],"replies":[{"embeddable":true,"href":"https:\/\/www.javierfalco.com\/blog\/wp-json\/wp\/v2\/comments?post=5065"}],"version-history":[{"count":29,"href":"https:\/\/www.javierfalco.com\/blog\/wp-json\/wp\/v2\/posts\/5065\/revisions"}],"predecessor-version":[{"id":5094,"href":"https:\/\/www.javierfalco.com\/blog\/wp-json\/wp\/v2\/posts\/5065\/revisions\/5094"}],"wp:attachment":[{"href":"https:\/\/www.javierfalco.com\/blog\/wp-json\/wp\/v2\/media?parent=5065"}],"wp:term":[{"taxonomy":"category","embeddable":true,"href":"https:\/\/www.javierfalco.com\/blog\/wp-json\/wp\/v2\/categories?post=5065"},{"taxonomy":"post_tag","embeddable":true,"href":"https:\/\/www.javierfalco.com\/blog\/wp-json\/wp\/v2\/tags?post=5065"}],"curies":[{"name":"wp","href":"https:\/\/api.w.org\/{rel}","templated":true}]}}