{"id":5226,"date":"2013-07-01T10:18:53","date_gmt":"2013-07-01T09:18:53","guid":{"rendered":"http:\/\/www.javierfalco.com\/blog\/?p=5226"},"modified":"2013-07-30T09:48:03","modified_gmt":"2013-07-30T08:48:03","slug":"albero-fotografia-el-paso-del-tiempo","status":"publish","type":"post","link":"https:\/\/www.javierfalco.com\/blog\/albero-fotografia-el-paso-del-tiempo\/","title":{"rendered":"Albero fotograf\u00eda: El paso del tiempo"},"content":{"rendered":"<p><em>Albero fotograf\u00eda: El paso del tiempo,<\/em> es el t\u00edtulo de una colaboraci\u00f3n publicada recientemente en la\u00a0revista Canelobre. Esta revista (la n\u00ba 61) titulada \u201c<em>Alicante con lente propia<\/em>\u201d, ha sido editada por el <a href=\"http:\/\/www.dip-alicante.es\/ga\/gilalbert\/pub\/inicio.asp\">Instituto Alicantino de Cultura Juan Gil-Albert<\/a> (Excma. Diputaci\u00f3n Provincial de Alicante) y presentada el pasado jueves 27 de junio.<\/p>\n<p>Transcribo aqu\u00ed esta colaboraci\u00f3n, con una serie de fotograf\u00edas para aquellos que tengan curiosidad y no tengan acceso a la mencionada revista. Solo decir que ha sido un aut\u00e9ntico placer el hecho de que los Albero me abrieran su casa para poder realizar estas fotograf\u00edas y escribir unas l\u00edneas sobre su viaje en el tiempo. Mi m\u00e1s sincera gratitud a esta peculiar y entra\u00f1able familia.<\/p>\n<blockquote>\n<p style=\"text-align: center;\"><strong>Albero fotograf\u00eda: El paso del tiempo<\/strong><\/p>\n<\/blockquote>\n<p>Hoy en d\u00eda vivimos inmersos en un desarrollo tecnol\u00f3gico tal, que ha supuesto para muchos profesionales un gran reto pasar de la fotograf\u00eda anal\u00f3gica a la digital. Esto ha sido esencial y necesario para poder seguir compitiendo y no perder clientes. Esta transici\u00f3n t\u00e9cnica ha sido en algunos casos tambi\u00e9n generacional.<\/p>\n<p>La fotograf\u00eda ha ganado en inmediatez, en avances t\u00e9cnicos y en calidad de imagen, pero quiz\u00e1 se haya perdido en dedicaci\u00f3n, en creatividad y en esmero. Podr\u00edamos decir en cierta medida que estamos ante un trabajo que se ha visto devaluado en su forma de afrontarlo en relaci\u00f3n a su pasado.<\/p>\n<p>Por otro lado, la fotograf\u00eda atraviesa hoy una \u00e9poca muy complicada en la que trabajar para poder salir adelante es m\u00e1s dif\u00edcil que antes. La cantidad de personas que se dedican a esta profesi\u00f3n, la disminuci\u00f3n de los beneficios y la crisis que atravesamos, se ha llevado por delante a un buen n\u00famero de profesionales.<\/p>\n<p>Existe una gran autosuficiencia fotogr\u00e1fica en la sociedad en la que vivimos derivada del boom tecnol\u00f3gico donde la imagen lo inunda todo. Hay m\u00e1s personas que hacen fotograf\u00edas y menos \u201cfot\u00f3grafos\u201d.<\/p>\n<p>En los tiempos que corren es dif\u00edcil encontrar relevo generacional para un tipo de actividad como es la fotograf\u00eda, que depende en gran medida de constantes adaptaciones y que exige trasmitir a sus descendientes la misma pasi\u00f3n y experiencia de antes, pero sin descuidar una adecuada preparaci\u00f3n t\u00e9cnica para poder afrontar los retos de hoy.<\/p>\n<p>El caso que nos ocupa es un claro ejemplo de adaptaci\u00f3n. Vicente Albero Gil supo, all\u00e1 por los 50 subirse a un tren de lo que entonces se ve\u00eda venir como una prometedora actividad profesional y que desarroll\u00f3 con entusiasmo y buen hacer. Posteriormente traslad\u00f3 esos valores y conocimientos a su hijo que junto a una necesaria y obligada modernizaci\u00f3n hoy sigue dirigiendo con \u00e9xito la empresa que inici\u00f3 su padre.<\/p>\n<p>Vicente Albero Irles en una encomiable labor t\u00e9cnica y emocional, editaba un entra\u00f1able libro en 2005 titulado \u201c<i>Tal como \u00e9ramos<\/i>\u201d. Una mirada retrospectiva de Vicente Albero Gil conducida de la mano de su hijo, para que sirviera como homenaje a la labor de su padre en todos estos a\u00f1os y que realiz\u00f3 con motivo de su jubilaci\u00f3n.<\/p>\n<p>En este libro, el hijo entrevista al padre para sacar lo mejor de \u00e9l. Lo he extra\u00eddo para dar forma a este breve reportaje, que pone de relieve este valioso relevo generacional de una actividad que ha evolucionado demasiado deprisa en los \u00faltimos a\u00f1os y que no sabemos hacia donde se dirigir\u00e1 en el futuro. Esperemos que no estemos ante otra profesi\u00f3n en peligro de extinci\u00f3n.<\/p>\n<p><a href=\"https:\/\/www.javierfalco.com\/blog\/wp-content\/uploads\/2013\/06\/3.jpg\"><img loading=\"lazy\" decoding=\"async\" class=\"size-thumbnail wp-image-5234 alignnone colorbox-5226\" alt=\"Albero3\" src=\"https:\/\/www.javierfalco.com\/blog\/wp-content\/uploads\/2013\/06\/3-150x150.jpg\" width=\"150\" height=\"150\" srcset=\"https:\/\/www.javierfalco.com\/blog\/wp-content\/uploads\/2013\/06\/3-150x150.jpg 150w, https:\/\/www.javierfalco.com\/blog\/wp-content\/uploads\/2013\/06\/3-48x48.jpg 48w\" sizes=\"auto, (max-width: 150px) 100vw, 150px\" \/><\/a>\u00a0<a href=\"https:\/\/www.javierfalco.com\/blog\/wp-content\/uploads\/2013\/06\/4.jpg\"><img loading=\"lazy\" decoding=\"async\" class=\"alignnone size-thumbnail wp-image-5235 colorbox-5226\" alt=\"Albero4\" src=\"https:\/\/www.javierfalco.com\/blog\/wp-content\/uploads\/2013\/06\/4-150x150.jpg\" width=\"150\" height=\"150\" srcset=\"https:\/\/www.javierfalco.com\/blog\/wp-content\/uploads\/2013\/06\/4-150x150.jpg 150w, https:\/\/www.javierfalco.com\/blog\/wp-content\/uploads\/2013\/06\/4-48x48.jpg 48w\" sizes=\"auto, (max-width: 150px) 100vw, 150px\" \/><\/a>\u00a0<a href=\"https:\/\/www.javierfalco.com\/blog\/wp-content\/uploads\/2013\/06\/5.jpg\"><img loading=\"lazy\" decoding=\"async\" class=\"alignnone size-thumbnail wp-image-5236 colorbox-5226\" alt=\"Albero5\" src=\"https:\/\/www.javierfalco.com\/blog\/wp-content\/uploads\/2013\/06\/5-150x150.jpg\" width=\"150\" height=\"150\" srcset=\"https:\/\/www.javierfalco.com\/blog\/wp-content\/uploads\/2013\/06\/5-150x150.jpg 150w, https:\/\/www.javierfalco.com\/blog\/wp-content\/uploads\/2013\/06\/5-48x48.jpg 48w\" sizes=\"auto, (max-width: 150px) 100vw, 150px\" \/><\/a>\u00a0<a href=\"https:\/\/www.javierfalco.com\/blog\/wp-content\/uploads\/2013\/06\/1.jpg\"><img loading=\"lazy\" decoding=\"async\" class=\"alignnone colorbox-5226\" alt=\"Albero1\" src=\"https:\/\/www.javierfalco.com\/blog\/wp-content\/uploads\/2013\/06\/1-150x150.jpg\" width=\"150\" height=\"150\" \/><\/a>\u00a0<a href=\"https:\/\/www.javierfalco.com\/blog\/wp-content\/uploads\/2013\/06\/2.jpg\"><img loading=\"lazy\" decoding=\"async\" class=\"size-thumbnail wp-image-5233 alignnone colorbox-5226\" alt=\"Albero2\" src=\"https:\/\/www.javierfalco.com\/blog\/wp-content\/uploads\/2013\/06\/2-150x150.jpg\" width=\"150\" height=\"150\" srcset=\"https:\/\/www.javierfalco.com\/blog\/wp-content\/uploads\/2013\/06\/2-150x150.jpg 150w, https:\/\/www.javierfalco.com\/blog\/wp-content\/uploads\/2013\/06\/2-48x48.jpg 48w\" sizes=\"auto, (max-width: 150px) 100vw, 150px\" \/><\/a>\u00a0<a href=\"https:\/\/www.javierfalco.com\/blog\/wp-content\/uploads\/2013\/06\/6.jpg\"><img loading=\"lazy\" decoding=\"async\" class=\"size-thumbnail wp-image-5237 alignnone colorbox-5226\" alt=\"6\" src=\"https:\/\/www.javierfalco.com\/blog\/wp-content\/uploads\/2013\/06\/6-150x150.jpg\" width=\"150\" height=\"150\" srcset=\"https:\/\/www.javierfalco.com\/blog\/wp-content\/uploads\/2013\/06\/6-150x150.jpg 150w, https:\/\/www.javierfalco.com\/blog\/wp-content\/uploads\/2013\/06\/6-48x48.jpg 48w\" sizes=\"auto, (max-width: 150px) 100vw, 150px\" \/><\/a>\u00a0<a href=\"https:\/\/www.javierfalco.com\/blog\/wp-content\/uploads\/2013\/06\/7.jpg\"><img loading=\"lazy\" decoding=\"async\" class=\"alignnone size-thumbnail wp-image-5238 colorbox-5226\" alt=\"7\" src=\"https:\/\/www.javierfalco.com\/blog\/wp-content\/uploads\/2013\/06\/7-150x150.jpg\" width=\"150\" height=\"150\" srcset=\"https:\/\/www.javierfalco.com\/blog\/wp-content\/uploads\/2013\/06\/7-150x150.jpg 150w, https:\/\/www.javierfalco.com\/blog\/wp-content\/uploads\/2013\/06\/7-48x48.jpg 48w\" sizes=\"auto, (max-width: 150px) 100vw, 150px\" \/><\/a>\u00a0<a href=\"https:\/\/www.javierfalco.com\/blog\/wp-content\/uploads\/2013\/06\/8.jpg\"><img loading=\"lazy\" decoding=\"async\" class=\"alignnone size-thumbnail wp-image-5239 colorbox-5226\" alt=\"8\" src=\"https:\/\/www.javierfalco.com\/blog\/wp-content\/uploads\/2013\/06\/8-150x150.jpg\" width=\"150\" height=\"150\" srcset=\"https:\/\/www.javierfalco.com\/blog\/wp-content\/uploads\/2013\/06\/8-150x150.jpg 150w, https:\/\/www.javierfalco.com\/blog\/wp-content\/uploads\/2013\/06\/8-48x48.jpg 48w\" sizes=\"auto, (max-width: 150px) 100vw, 150px\" \/><\/a><\/p>\n<p>Notas:<\/p>\n<ul>\n<li><a href=\"https:\/\/www.javierfalco.com\/blog\/wp-content\/uploads\/2013\/06\/VICENTE-ALBERO-GIL.pdf\">Texto alusivo a Vicente Albero Gil extra\u00eddo del libro: -Tal como \u00e9ramos. \u00abLa mirada retrospectiva de Vicente Albero Gil\u201d-. ISBN: 84-609-7746-3.<\/a><\/li>\n<li><a href=\"http:\/\/www.afnovelda.com\/index.php?option=com_k2&amp;view=item&amp;id=115:vicente-albero&amp;Itemid=138\">Breve descripci\u00f3n de la trayectoria de Vicente Albero Irles publicada en la web de la Asociaci\u00f3n Fotogr\u00e1fica de Novelda.<\/a><\/li>\n<li><a href=\"http:\/\/www.vicentealbero.com\/\">Web de Vicente Albero Fotograf\u00eda.<\/a><\/li>\n<\/ul>\n","protected":false},"excerpt":{"rendered":"<p>Albero fotograf\u00eda: El paso del tiempo, es el t\u00edtulo de una colaboraci\u00f3n publicada recientemente en la\u00a0revista Canelobre. Esta revista (la n\u00ba 61) titulada \u201cAlicante con lente propia\u201d, ha sido editada por el Instituto Alicantino de Cultura Juan Gil-Albert (Excma. Diputaci\u00f3n &hellip; <a href=\"https:\/\/www.javierfalco.com\/blog\/albero-fotografia-el-paso-del-tiempo\/\">Sigue leyendo <span class=\"meta-nav\">&rarr;<\/span><\/a><\/p>\n","protected":false},"author":4,"featured_media":0,"comment_status":"open","ping_status":"open","sticky":false,"template":"","format":"standard","meta":{"footnotes":""},"categories":[1,182,65],"tags":[525,523,524],"class_list":["post-5226","post","type-post","status-publish","format-standard","hentry","category-general","category-historia","category-reportaje","tag-novelda","tag-vicente-albero-gil","tag-vicente-albero-irles"],"_links":{"self":[{"href":"https:\/\/www.javierfalco.com\/blog\/wp-json\/wp\/v2\/posts\/5226","targetHints":{"allow":["GET"]}}],"collection":[{"href":"https:\/\/www.javierfalco.com\/blog\/wp-json\/wp\/v2\/posts"}],"about":[{"href":"https:\/\/www.javierfalco.com\/blog\/wp-json\/wp\/v2\/types\/post"}],"author":[{"embeddable":true,"href":"https:\/\/www.javierfalco.com\/blog\/wp-json\/wp\/v2\/users\/4"}],"replies":[{"embeddable":true,"href":"https:\/\/www.javierfalco.com\/blog\/wp-json\/wp\/v2\/comments?post=5226"}],"version-history":[{"count":68,"href":"https:\/\/www.javierfalco.com\/blog\/wp-json\/wp\/v2\/posts\/5226\/revisions"}],"predecessor-version":[{"id":5504,"href":"https:\/\/www.javierfalco.com\/blog\/wp-json\/wp\/v2\/posts\/5226\/revisions\/5504"}],"wp:attachment":[{"href":"https:\/\/www.javierfalco.com\/blog\/wp-json\/wp\/v2\/media?parent=5226"}],"wp:term":[{"taxonomy":"category","embeddable":true,"href":"https:\/\/www.javierfalco.com\/blog\/wp-json\/wp\/v2\/categories?post=5226"},{"taxonomy":"post_tag","embeddable":true,"href":"https:\/\/www.javierfalco.com\/blog\/wp-json\/wp\/v2\/tags?post=5226"}],"curies":[{"name":"wp","href":"https:\/\/api.w.org\/{rel}","templated":true}]}}