{"id":5372,"date":"2014-03-05T10:47:46","date_gmt":"2014-03-05T09:47:46","guid":{"rendered":"http:\/\/www.javierfalco.com\/blog\/?p=5372"},"modified":"2014-03-05T10:54:42","modified_gmt":"2014-03-05T09:54:42","slug":"refotografia","status":"publish","type":"post","link":"https:\/\/www.javierfalco.com\/blog\/refotografia\/","title":{"rendered":"Refotograf\u00eda para \u201c\u00bf&#8230;Y por qu\u00e9 no un blog?\u201d"},"content":{"rendered":"<p style=\"text-align: justify\">No es la primera vez que colaboro con \u201c<a href=\"http:\/\/www.yporquenounblog.com\">\u00bf&#8230;Y por qu\u00e9 no un blog?<\/a>\u201d, pues es un placer hacer cosas con Gaspar. Hace unos meses inici\u00f3 unas interesantes entradas sobre el legado fotogr\u00e1fico de <a href=\"http:\/\/www.yporquenounblog.com\/2012\/07\/fotos-antiguas-de-elche-j-laurent-y.html\">Laurent<\/a> y <a href=\"http:\/\/www.yporquenounblog.com\/2011\/11\/fotos-antiguas-de-elche-el-fotografo.html\">Loty<\/a>. Estos fot\u00f3grafos se dedicaron a finales del siglo XIX y principios del XX a recoger con su c\u00e1maras los sitios m\u00e1s emblem\u00e1ticos de la cuidad de Elche, sobre todo en lo referente a su arquitectura. No me extender\u00e9 m\u00e1s sobre esto: os invito a profundizar sobre este tema yendo a sus enlaces correspondientes que pod\u00e9is acceder desde <a href=\"http:\/\/www.yporquenounblog.com\">aqu\u00ed<\/a>.<\/p>\n<p style=\"text-align: justify\">El caso, es que me pidi\u00f3 consejo y\/o ayuda para intentar fotografiar y ver las diferencias de esas construcciones y monumentos de la ciudad con el paso de los a\u00f1os. En algunas de estas im\u00e1genes, se puede contrastar el paso del tiempo en m\u00e1s de un siglo. Yo le plante\u00e9 recurrir a la superposici\u00f3n de ambas im\u00e1genes para poder visualizarlo mejor.<\/p>\n<p style=\"text-align: justify\">Esta t\u00e9cnica de superponer una imagen antigua y otra actual se llama <b>refotograf\u00eda<\/b> y como figura en <a href=\"http:\/\/es.wikipedia.org\/wiki\/Refotograf%C3%ADa\">Wikipedia<\/a> se define como: <i>el acto de repetir una\u00a0<\/i><a href=\"http:\/\/es.m.wikipedia.org\/wiki\/Fotograf%C3%ADa\"><i>fotograf\u00eda<\/i><\/a><i> de un mismo sitio, con un espacio de tiempo entre las dos im\u00e1genes; un documento del \u00abayer y hoy\u00bb de un \u00e1rea en concreto<\/i>.<\/p>\n<p style=\"text-align: justify\">Animado por probar cosas nuevas, nos pusimos manos a la obra y durante varias visitas realizamos algunas pruebas previas. Dedic\u00e1ndole un poco de tiempo y esmero le cogimos el ritmo enseguida. A trav\u00e9s de su <a href=\"http:\/\/www.yporquenounblog.com\/2014\/03\/refotografiando-elche-con-loty-la-plaza.html\">blog<\/a> podr\u00e9is ver los resultados.<\/p>\n<p style=\"text-align: justify\">Su fin es claramente did\u00e1ctico por lo que no ten\u00eda excesiva importancia esperar el d\u00eda y la hora exacta de la fotograf\u00eda antigua, por aquello de la tener la misma luz (en el caso de que la meteorolog\u00eda lo posibilitara). Otro aspecto que nos encontramos es que la orograf\u00eda del terreno en muchos casos ha cambiado, siendo el punto original donde se tom\u00f3 la fotograf\u00eda m\u00e1s alto o m\u00e1s bajo que en la actualidad. Tambi\u00e9n el actual mobiliario urbano tapa perspectivas y accesos, teniendo que jugar con un rango focal u otro o incluso prescindir de la exactitud del \u00e1ngulo de la toma. En general ha sido una experiencia enriquecedora y de la que hemos aprendido y comprobado cosas muy curiosas e interesantes.<\/p>\n<p style=\"text-align: justify\">Os dejo unas im\u00e1genes de muestra y os emplazo a viajar en el tiempo visitando el <a href=\"http:\/\/www.yporquenounblog.com\">blog de Gaspar<\/a> que no tiene desperdicio. En su blog podr\u00e9is ver <a href=\"http:\/\/www.yporquenounblog.com\/2014\/03\/refotografiando-elche-con-loty-la-plaza.html\">muchas m\u00e1s im\u00e1genes<\/a> y sobre todo disfrutar de sus comentarios.<\/p>\n<p><a href=\"https:\/\/www.javierfalco.com\/blog\/wp-content\/uploads\/2014\/02\/Portada-Merced-clarisas-0.jpg\"><img loading=\"lazy\" decoding=\"async\" class=\"alignnone  wp-image-5374 colorbox-5372\" alt=\"Portada Merced clarisas 0\" src=\"https:\/\/www.javierfalco.com\/blog\/wp-content\/uploads\/2014\/02\/Portada-Merced-clarisas-0.jpg\" width=\"210\" height=\"140\" srcset=\"https:\/\/www.javierfalco.com\/blog\/wp-content\/uploads\/2014\/02\/Portada-Merced-clarisas-0.jpg 800w, https:\/\/www.javierfalco.com\/blog\/wp-content\/uploads\/2014\/02\/Portada-Merced-clarisas-0-300x199.jpg 300w\" sizes=\"auto, (max-width: 210px) 100vw, 210px\" \/><\/a>\u00a0<a href=\"https:\/\/www.javierfalco.com\/blog\/wp-content\/uploads\/2014\/02\/Portada-Merced-clarisas-60.jpg\"><img loading=\"lazy\" decoding=\"async\" class=\"alignnone  wp-image-5375 colorbox-5372\" alt=\"Portada Merced clarisas 60\" src=\"https:\/\/www.javierfalco.com\/blog\/wp-content\/uploads\/2014\/02\/Portada-Merced-clarisas-60.jpg\" width=\"210\" height=\"140\" srcset=\"https:\/\/www.javierfalco.com\/blog\/wp-content\/uploads\/2014\/02\/Portada-Merced-clarisas-60.jpg 800w, https:\/\/www.javierfalco.com\/blog\/wp-content\/uploads\/2014\/02\/Portada-Merced-clarisas-60-300x199.jpg 300w\" sizes=\"auto, (max-width: 210px) 100vw, 210px\" \/><\/a>\u00a0<a href=\"https:\/\/www.javierfalco.com\/blog\/wp-content\/uploads\/2014\/02\/Portada-Merced-clarisas-100.jpg\"><img loading=\"lazy\" decoding=\"async\" class=\"alignnone  wp-image-5376 colorbox-5372\" alt=\"Portada Merced clarisas 100\" src=\"https:\/\/www.javierfalco.com\/blog\/wp-content\/uploads\/2014\/02\/Portada-Merced-clarisas-100.jpg\" width=\"210\" height=\"140\" srcset=\"https:\/\/www.javierfalco.com\/blog\/wp-content\/uploads\/2014\/02\/Portada-Merced-clarisas-100.jpg 800w, https:\/\/www.javierfalco.com\/blog\/wp-content\/uploads\/2014\/02\/Portada-Merced-clarisas-100-300x199.jpg 300w\" sizes=\"auto, (max-width: 210px) 100vw, 210px\" \/><\/a><\/p>\n<p><a href=\"https:\/\/www.javierfalco.com\/blog\/wp-content\/uploads\/2014\/02\/Puente-Riegos-1-0.jpg\"><img loading=\"lazy\" decoding=\"async\" class=\"alignnone  wp-image-5377 colorbox-5372\" alt=\"Puente Riegos 1 0\" src=\"https:\/\/www.javierfalco.com\/blog\/wp-content\/uploads\/2014\/02\/Puente-Riegos-1-0.jpg\" width=\"210\" height=\"140\" srcset=\"https:\/\/www.javierfalco.com\/blog\/wp-content\/uploads\/2014\/02\/Puente-Riegos-1-0.jpg 800w, https:\/\/www.javierfalco.com\/blog\/wp-content\/uploads\/2014\/02\/Puente-Riegos-1-0-300x199.jpg 300w\" sizes=\"auto, (max-width: 210px) 100vw, 210px\" \/><\/a>\u00a0<a href=\"https:\/\/www.javierfalco.com\/blog\/wp-content\/uploads\/2014\/02\/Puente-Riegos-1-60.jpg\"><img loading=\"lazy\" decoding=\"async\" class=\"alignnone  wp-image-5378 colorbox-5372\" alt=\"Puente Riegos 1 60\" src=\"https:\/\/www.javierfalco.com\/blog\/wp-content\/uploads\/2014\/02\/Puente-Riegos-1-60.jpg\" width=\"210\" height=\"140\" srcset=\"https:\/\/www.javierfalco.com\/blog\/wp-content\/uploads\/2014\/02\/Puente-Riegos-1-60.jpg 800w, https:\/\/www.javierfalco.com\/blog\/wp-content\/uploads\/2014\/02\/Puente-Riegos-1-60-300x199.jpg 300w\" sizes=\"auto, (max-width: 210px) 100vw, 210px\" \/><\/a>\u00a0<a href=\"https:\/\/www.javierfalco.com\/blog\/wp-content\/uploads\/2014\/02\/Puente-Riegos-1-100.jpg\"><img loading=\"lazy\" decoding=\"async\" class=\"alignnone  wp-image-5379 colorbox-5372\" alt=\"Puente Riegos 1 100\" src=\"https:\/\/www.javierfalco.com\/blog\/wp-content\/uploads\/2014\/02\/Puente-Riegos-1-100.jpg\" width=\"210\" height=\"140\" srcset=\"https:\/\/www.javierfalco.com\/blog\/wp-content\/uploads\/2014\/02\/Puente-Riegos-1-100.jpg 800w, https:\/\/www.javierfalco.com\/blog\/wp-content\/uploads\/2014\/02\/Puente-Riegos-1-100-300x199.jpg 300w\" sizes=\"auto, (max-width: 210px) 100vw, 210px\" \/><\/a><\/p>\n<p>&nbsp;<\/p>\n","protected":false},"excerpt":{"rendered":"<p>No es la primera vez que colaboro con \u201c\u00bf&#8230;Y por qu\u00e9 no un blog?\u201d, pues es un placer hacer cosas con Gaspar. Hace unos meses inici\u00f3 unas interesantes entradas sobre el legado fotogr\u00e1fico de Laurent y Loty. Estos fot\u00f3grafos se &hellip; <a href=\"https:\/\/www.javierfalco.com\/blog\/refotografia\/\">Sigue leyendo <span class=\"meta-nav\">&rarr;<\/span><\/a><\/p>\n","protected":false},"author":4,"featured_media":0,"comment_status":"open","ping_status":"open","sticky":false,"template":"","format":"standard","meta":{"footnotes":""},"categories":[1,182,80],"tags":[533],"class_list":["post-5372","post","type-post","status-publish","format-standard","hentry","category-general","category-historia","category-tecnica","tag-refotografia-para-y-por-que-no-un-blog"],"_links":{"self":[{"href":"https:\/\/www.javierfalco.com\/blog\/wp-json\/wp\/v2\/posts\/5372","targetHints":{"allow":["GET"]}}],"collection":[{"href":"https:\/\/www.javierfalco.com\/blog\/wp-json\/wp\/v2\/posts"}],"about":[{"href":"https:\/\/www.javierfalco.com\/blog\/wp-json\/wp\/v2\/types\/post"}],"author":[{"embeddable":true,"href":"https:\/\/www.javierfalco.com\/blog\/wp-json\/wp\/v2\/users\/4"}],"replies":[{"embeddable":true,"href":"https:\/\/www.javierfalco.com\/blog\/wp-json\/wp\/v2\/comments?post=5372"}],"version-history":[{"count":13,"href":"https:\/\/www.javierfalco.com\/blog\/wp-json\/wp\/v2\/posts\/5372\/revisions"}],"predecessor-version":[{"id":5406,"href":"https:\/\/www.javierfalco.com\/blog\/wp-json\/wp\/v2\/posts\/5372\/revisions\/5406"}],"wp:attachment":[{"href":"https:\/\/www.javierfalco.com\/blog\/wp-json\/wp\/v2\/media?parent=5372"}],"wp:term":[{"taxonomy":"category","embeddable":true,"href":"https:\/\/www.javierfalco.com\/blog\/wp-json\/wp\/v2\/categories?post=5372"},{"taxonomy":"post_tag","embeddable":true,"href":"https:\/\/www.javierfalco.com\/blog\/wp-json\/wp\/v2\/tags?post=5372"}],"curies":[{"name":"wp","href":"https:\/\/api.w.org\/{rel}","templated":true}]}}