{"id":5556,"date":"2014-08-07T11:06:57","date_gmt":"2014-08-07T10:06:57","guid":{"rendered":"http:\/\/www.javierfalco.com\/blog\/?p=5556"},"modified":"2014-08-10T11:12:21","modified_gmt":"2014-08-10T10:12:21","slug":"festival-internacional-de-cine-independiente-de-elche","status":"publish","type":"post","link":"https:\/\/www.javierfalco.com\/blog\/festival-internacional-de-cine-independiente-de-elche\/","title":{"rendered":"Finalista en el Festival Internacional de Cine Independiente de Elche"},"content":{"rendered":"<p style=\"text-align: justify\">El pasado 1 de agosto terminaba la 37 edici\u00f3n del <a href=\"http:\/\/www.festivalcineelx.es\"><b>Festival Internacional de Cine Independiente de Elche<\/b><\/a>. El primer festival al que se presenta \u201c<a href=\"https:\/\/vimeo.com\/89173297\"><strong><i>Els \u00faltims llops marins de l\u2019illa de Tabarca<\/i><\/strong><\/a>\u201d.<\/p>\n<p style=\"text-align: justify\">De los 796 trabajos que ha recibido el festival, 579 corresponden al apartado de ficci\u00f3n, 71 a la secci\u00f3n de animaci\u00f3n y 115 cortometrajes documentales, Casi 200 trabajos extranjeros han participado, poniendo de relieve el \u00e9xito de participaci\u00f3n en este festival, de trabajos realizados fuera de nuestras fronteras.<\/p>\n<p style=\"text-align: justify\">Con alegr\u00eda me comunicaban que \u201c<a href=\"https:\/\/vimeo.com\/89173297\"><b><i>Els \u00faltims llops marins de l\u2019illa de Tabarca<\/i><\/b><\/a>\u201d, hab\u00eda sido seleccionado y por lo tanto ser\u00eda uno de los trabajos finalistas. Los cortos finalistas se han <a href=\"http:\/\/www.visitelche.com\/media\/publications\/pdf\/Agenda-de-Proyecciones-37-Festival-Internacional-de-Cine-Independiente-de-Elche.pdf\">proyectado<\/a> al aire libre tanto en el Hort del Xocolater (Elche ciudad), as\u00ed como el la playa de Arenales del Sol (Elche playa).<\/p>\n<p style=\"text-align: justify\">En la categor\u00eda documental, al final solo han quedado 15 finalistas de los 115 presentados y estar entre esos 15, ha sido una satisfacci\u00f3n un tanto inesperada, partiendo de la base que es mi primer corto como director y al primer festival que me presento.<\/p>\n<p style=\"text-align: justify\">En un festival de estas caracter\u00edsticas, el nivel es muy alto por lo que mis posibilidades de ganar eran escasas y como era de esperar, el jurado premi\u00f3 como ganador el excelente corto documental. \u201c<a href=\"https:\/\/vimeo.com\/69154535\"><b><i>El domador de peixos<\/i><\/b><\/a>\u201d de Roger G\u00f3mez y Dani Resines, al que nada m\u00e1s saberlo, felicit\u00e9 a trav\u00e9s de la redes sociales por ese merecido premio.<\/p>\n<p style=\"text-align: justify\">Ha sido una experiencia enriquecedora y que siempre anima a empezar proyectos nuevo. De todo modos, \u201c<a href=\"https:\/\/vimeo.com\/89173297\"><b><i>Els \u00faltims llops marins de l\u2019illa de Tabarca<\/i><\/b><\/a>\u201d, se presentar\u00e1 a 8 o 10 cert\u00e1menes m\u00e1s de aqu\u00ed a un a\u00f1o. Quiz\u00e1 coseche alg\u00fan premio. El tiempo lo dir\u00e1.<\/p>\n<p style=\"text-align: justify\"><a href=\"https:\/\/www.javierfalco.com\/blog\/wp-content\/uploads\/2014\/08\/Foca-Monje.jpg\"><img loading=\"lazy\" decoding=\"async\" class=\"alignnone size-full wp-image-5557 colorbox-5556\" alt=\"Foca Monje\" src=\"https:\/\/www.javierfalco.com\/blog\/wp-content\/uploads\/2014\/08\/Foca-Monje.jpg\" width=\"640\" height=\"360\" srcset=\"https:\/\/www.javierfalco.com\/blog\/wp-content\/uploads\/2014\/08\/Foca-Monje.jpg 640w, https:\/\/www.javierfalco.com\/blog\/wp-content\/uploads\/2014\/08\/Foca-Monje-300x168.jpg 300w\" sizes=\"auto, (max-width: 640px) 100vw, 640px\" \/><\/a><\/p>\n","protected":false},"excerpt":{"rendered":"<p>El pasado 1 de agosto terminaba la 37 edici\u00f3n del Festival Internacional de Cine Independiente de Elche. El primer festival al que se presenta \u201cEls \u00faltims llops marins de l\u2019illa de Tabarca\u201d. De los 796 trabajos que ha recibido el &hellip; <a href=\"https:\/\/www.javierfalco.com\/blog\/festival-internacional-de-cine-independiente-de-elche\/\">Sigue leyendo <span class=\"meta-nav\">&rarr;<\/span><\/a><\/p>\n","protected":false},"author":4,"featured_media":0,"comment_status":"open","ping_status":"open","sticky":false,"template":"","format":"standard","meta":{"footnotes":""},"categories":[28,1,83],"tags":[552,551,550],"class_list":["post-5556","post","type-post","status-publish","format-standard","hentry","category-concursos","category-general","category-noticias","tag-el-domador-de-peixos","tag-els-ultims-llops-marins-de-lilla-de-tabarca","tag-festival-internacional-de-cine-independiente-de-elche"],"_links":{"self":[{"href":"https:\/\/www.javierfalco.com\/blog\/wp-json\/wp\/v2\/posts\/5556","targetHints":{"allow":["GET"]}}],"collection":[{"href":"https:\/\/www.javierfalco.com\/blog\/wp-json\/wp\/v2\/posts"}],"about":[{"href":"https:\/\/www.javierfalco.com\/blog\/wp-json\/wp\/v2\/types\/post"}],"author":[{"embeddable":true,"href":"https:\/\/www.javierfalco.com\/blog\/wp-json\/wp\/v2\/users\/4"}],"replies":[{"embeddable":true,"href":"https:\/\/www.javierfalco.com\/blog\/wp-json\/wp\/v2\/comments?post=5556"}],"version-history":[{"count":3,"href":"https:\/\/www.javierfalco.com\/blog\/wp-json\/wp\/v2\/posts\/5556\/revisions"}],"predecessor-version":[{"id":5561,"href":"https:\/\/www.javierfalco.com\/blog\/wp-json\/wp\/v2\/posts\/5556\/revisions\/5561"}],"wp:attachment":[{"href":"https:\/\/www.javierfalco.com\/blog\/wp-json\/wp\/v2\/media?parent=5556"}],"wp:term":[{"taxonomy":"category","embeddable":true,"href":"https:\/\/www.javierfalco.com\/blog\/wp-json\/wp\/v2\/categories?post=5556"},{"taxonomy":"post_tag","embeddable":true,"href":"https:\/\/www.javierfalco.com\/blog\/wp-json\/wp\/v2\/tags?post=5556"}],"curies":[{"name":"wp","href":"https:\/\/api.w.org\/{rel}","templated":true}]}}