{"id":5562,"date":"2014-08-10T11:55:11","date_gmt":"2014-08-10T10:55:11","guid":{"rendered":"http:\/\/www.javierfalco.com\/blog\/?p=5562"},"modified":"2014-08-10T11:58:16","modified_gmt":"2014-08-10T10:58:16","slug":"loquillo-quien-tuvo-retuvo","status":"publish","type":"post","link":"https:\/\/www.javierfalco.com\/blog\/loquillo-quien-tuvo-retuvo\/","title":{"rendered":"Loquillo, quien tuvo retuvo\u2026"},"content":{"rendered":"<p style=\"text-align: justify\">Ayer actuaba <a href=\"http:\/\/www.loquillo.com\">Loquillo<\/a> en el <a href=\"http:\/\/es.wikipedia.org\/wiki\/Puerto_de_Sagunto\">Puerto de Sagunto<\/a> (Valencia), dentro de las actividades que enmarcan las fiestas patronales de dicha localidad. El hecho de que suelo pasar unos d\u00edas por el Puerto en esta \u00e9poca y que adem\u00e1s la entrada fuera gratuita, me anim\u00f3 y me dej\u00e9 caer por el concierto.<\/p>\n<p style=\"text-align: justify\">Nunca me he comprado un disco de <a href=\"http:\/\/www.loquillo.com\/\">Loquillo<\/a>, pero he de confesar que generacionalmente su m\u00fasica forma parte de mi adolescencia y sus tres o cuatros temas m\u00e1s famosos, son casi un himno de aquellos a\u00f1os de instituto.<\/p>\n<p style=\"text-align: justify\">Buenos m\u00fasicos, buen sonido y buena iluminaci\u00f3n llevaron en volandas a un veterano como <a href=\"http:\/\/www.loquillo.com\/\">Loquillo<\/a>, y he de decir que quien tuvo, retuvo y se meti\u00f3 al p\u00fablico en el bolsillo en un abarrotado recinto ferial.<\/p>\n<p style=\"text-align: justify\">No ten\u00eda ganas de acarrear con la r\u00e9flex (con la consabida mochila y sus objetivos correspondientes), as\u00ed que fui con mi reci\u00e9n estrenada <a href=\"http:\/\/www.sony.es\/electronics\/camaras-lentes-intercambiables\/ilce-6000-body-kit\">Sony A6000<\/a> y un \u00fanico objetivo (el <a href=\"http:\/\/www.sigma-photo.es\/producto\/30mm-f2-8-dn-art\/\">Sigma 30mm F2,8\u00a0DN Art<\/a>, equivalente a un 45mm).<\/p>\n<p style=\"text-align: justify\">Me plant\u00e9 all\u00ed a ver que tal se portaba este t\u00e1ndem y he de decir que estoy muy satisfecho con el resultado. Aunque obligado a trabajar con una \u00fanica focal y sin libertad de movimiento (ya que no me pude mover en todo el concierto) no estuvo mal la cosa. Es una m\u00e1quina que enfoca con mucha precisi\u00f3n, que es resolutiva y sobre todo una m\u00e1quina que es muy, pero que muy ligera. Esta ligereza se agradece en un evento de este tipo, en el que est\u00e1s todo el rato de pie. Su excelente rendimiento a ISO\u2019s altos, da mucho juego en este tipo de fotograf\u00eda y la movilidad de la pantalla para tomas cenitales es una opci\u00f3n que puede ayudar mucho a la hora de componer. En fin, que fue una grata experiencia musical y fotogr\u00e1fica.<\/p>\n<p style=\"text-align: justify\">Os dejo unas im\u00e1genes del concierto.<\/p>\n<p><a href=\"https:\/\/www.javierfalco.com\/blog\/wp-content\/uploads\/2014\/08\/DSC8881.jpg\"><img loading=\"lazy\" decoding=\"async\" class=\"alignnone  wp-image-5569 colorbox-5562\" alt=\"_DSC8881\" src=\"https:\/\/www.javierfalco.com\/blog\/wp-content\/uploads\/2014\/08\/DSC8881.jpg\" width=\"210\" height=\"140\" srcset=\"https:\/\/www.javierfalco.com\/blog\/wp-content\/uploads\/2014\/08\/DSC8881.jpg 1024w, https:\/\/www.javierfalco.com\/blog\/wp-content\/uploads\/2014\/08\/DSC8881-300x200.jpg 300w\" sizes=\"auto, (max-width: 210px) 100vw, 210px\" \/><\/a>\u00a0<a href=\"https:\/\/www.javierfalco.com\/blog\/wp-content\/uploads\/2014\/08\/DSC8871.jpg\"><img loading=\"lazy\" decoding=\"async\" class=\"alignnone  wp-image-5568 colorbox-5562\" alt=\"_DSC8871\" src=\"https:\/\/www.javierfalco.com\/blog\/wp-content\/uploads\/2014\/08\/DSC8871.jpg\" width=\"210\" height=\"140\" srcset=\"https:\/\/www.javierfalco.com\/blog\/wp-content\/uploads\/2014\/08\/DSC8871.jpg 1024w, https:\/\/www.javierfalco.com\/blog\/wp-content\/uploads\/2014\/08\/DSC8871-300x200.jpg 300w\" sizes=\"auto, (max-width: 210px) 100vw, 210px\" \/><\/a>\u00a0<a href=\"https:\/\/www.javierfalco.com\/blog\/wp-content\/uploads\/2014\/08\/DSC8865.jpg\"><img loading=\"lazy\" decoding=\"async\" class=\"alignnone  wp-image-5567 colorbox-5562\" alt=\"_DSC8865\" src=\"https:\/\/www.javierfalco.com\/blog\/wp-content\/uploads\/2014\/08\/DSC8865.jpg\" width=\"210\" height=\"140\" srcset=\"https:\/\/www.javierfalco.com\/blog\/wp-content\/uploads\/2014\/08\/DSC8865.jpg 1024w, https:\/\/www.javierfalco.com\/blog\/wp-content\/uploads\/2014\/08\/DSC8865-300x200.jpg 300w\" sizes=\"auto, (max-width: 210px) 100vw, 210px\" \/><\/a><a href=\"https:\/\/www.javierfalco.com\/blog\/wp-content\/uploads\/2014\/08\/DSC8853.jpg\"><img loading=\"lazy\" decoding=\"async\" class=\"alignnone  wp-image-5566 colorbox-5562\" alt=\"_DSC8853\" src=\"https:\/\/www.javierfalco.com\/blog\/wp-content\/uploads\/2014\/08\/DSC8853.jpg\" width=\"210\" height=\"140\" srcset=\"https:\/\/www.javierfalco.com\/blog\/wp-content\/uploads\/2014\/08\/DSC8853.jpg 1024w, https:\/\/www.javierfalco.com\/blog\/wp-content\/uploads\/2014\/08\/DSC8853-300x200.jpg 300w\" sizes=\"auto, (max-width: 210px) 100vw, 210px\" \/><\/a>\u00a0<a href=\"https:\/\/www.javierfalco.com\/blog\/wp-content\/uploads\/2014\/08\/DSC8850.jpg\"><img loading=\"lazy\" decoding=\"async\" class=\"alignnone  wp-image-5565 colorbox-5562\" alt=\"_DSC8850\" src=\"https:\/\/www.javierfalco.com\/blog\/wp-content\/uploads\/2014\/08\/DSC8850.jpg\" width=\"210\" height=\"140\" srcset=\"https:\/\/www.javierfalco.com\/blog\/wp-content\/uploads\/2014\/08\/DSC8850.jpg 1024w, https:\/\/www.javierfalco.com\/blog\/wp-content\/uploads\/2014\/08\/DSC8850-300x200.jpg 300w\" sizes=\"auto, (max-width: 210px) 100vw, 210px\" \/><\/a>\u00a0<a href=\"https:\/\/www.javierfalco.com\/blog\/wp-content\/uploads\/2014\/08\/DSC8849.jpg\"><img loading=\"lazy\" decoding=\"async\" class=\"alignnone  wp-image-5564 colorbox-5562\" alt=\"_DSC8849\" src=\"https:\/\/www.javierfalco.com\/blog\/wp-content\/uploads\/2014\/08\/DSC8849.jpg\" width=\"210\" height=\"140\" srcset=\"https:\/\/www.javierfalco.com\/blog\/wp-content\/uploads\/2014\/08\/DSC8849.jpg 1024w, https:\/\/www.javierfalco.com\/blog\/wp-content\/uploads\/2014\/08\/DSC8849-300x200.jpg 300w\" sizes=\"auto, (max-width: 210px) 100vw, 210px\" \/><\/a><\/p>\n<p>&nbsp;<\/p>\n","protected":false},"excerpt":{"rendered":"<p>Ayer actuaba Loquillo en el Puerto de Sagunto (Valencia), dentro de las actividades que enmarcan las fiestas patronales de dicha localidad. El hecho de que suelo pasar unos d\u00edas por el Puerto en esta \u00e9poca y que adem\u00e1s la entrada &hellip; <a href=\"https:\/\/www.javierfalco.com\/blog\/loquillo-quien-tuvo-retuvo\/\">Sigue leyendo <span class=\"meta-nav\">&rarr;<\/span><\/a><\/p>\n","protected":false},"author":4,"featured_media":0,"comment_status":"open","ping_status":"open","sticky":false,"template":"","format":"standard","meta":{"footnotes":""},"categories":[24,207,1,65],"tags":[556,553,229,555,554,510],"class_list":["post-5562","post","type-post","status-publish","format-standard","hentry","category-camaras-y-objetivos","category-conciertos","category-general","category-reportaje","tag-556","tag-loquillo","tag-puerto-de-sagunto","tag-sigma-30mm2","tag-sony-a6000","tag-valencia"],"_links":{"self":[{"href":"https:\/\/www.javierfalco.com\/blog\/wp-json\/wp\/v2\/posts\/5562","targetHints":{"allow":["GET"]}}],"collection":[{"href":"https:\/\/www.javierfalco.com\/blog\/wp-json\/wp\/v2\/posts"}],"about":[{"href":"https:\/\/www.javierfalco.com\/blog\/wp-json\/wp\/v2\/types\/post"}],"author":[{"embeddable":true,"href":"https:\/\/www.javierfalco.com\/blog\/wp-json\/wp\/v2\/users\/4"}],"replies":[{"embeddable":true,"href":"https:\/\/www.javierfalco.com\/blog\/wp-json\/wp\/v2\/comments?post=5562"}],"version-history":[{"count":11,"href":"https:\/\/www.javierfalco.com\/blog\/wp-json\/wp\/v2\/posts\/5562\/revisions"}],"predecessor-version":[{"id":5579,"href":"https:\/\/www.javierfalco.com\/blog\/wp-json\/wp\/v2\/posts\/5562\/revisions\/5579"}],"wp:attachment":[{"href":"https:\/\/www.javierfalco.com\/blog\/wp-json\/wp\/v2\/media?parent=5562"}],"wp:term":[{"taxonomy":"category","embeddable":true,"href":"https:\/\/www.javierfalco.com\/blog\/wp-json\/wp\/v2\/categories?post=5562"},{"taxonomy":"post_tag","embeddable":true,"href":"https:\/\/www.javierfalco.com\/blog\/wp-json\/wp\/v2\/tags?post=5562"}],"curies":[{"name":"wp","href":"https:\/\/api.w.org\/{rel}","templated":true}]}}