{"id":5691,"date":"2015-04-06T22:02:26","date_gmt":"2015-04-06T21:02:26","guid":{"rendered":"http:\/\/www.javierfalco.com\/blog\/?p=5691"},"modified":"2015-04-06T22:26:40","modified_gmt":"2015-04-06T21:26:40","slug":"judas-y-los-quintos","status":"publish","type":"post","link":"https:\/\/www.javierfalco.com\/blog\/judas-y-los-quintos\/","title":{"rendered":"Judas y los quintos"},"content":{"rendered":"<p style=\"text-align: justify\">La celebraci\u00f3n\u00a0del <strong>Judas y los quintos<\/strong> es una tradici\u00f3n que se celebra en muy pocos pueblos y\u00a0normalmente se lleva a cabo el <strong>domingo de\u00a0Resurrecci\u00f3n<\/strong>. En\u00a0esta\u00a0celebraci\u00f3n se lincha o quema un mu\u00f1eco que representa a\u00a0<strong>Judas Iscariote<\/strong>.\u00a0<strong>Albalate de las Nogueras <\/strong>en Cuenca, es uno de estos\u00a0pueblos donde se celebra,\u00a0colgando a Judas en lo alto de un palo a casi veinte metros de altura, para despu\u00e9s\u00a0dejarlo caer y posteriormente quemarlo.<\/p>\n<p style=\"text-align: justify\">Los quintos son los encargados de llevar a\u00a0cabo este acto con la ayuda de los dem\u00e1s j\u00f3venes del pueblo. Ellos eran los\u00a0chavales que ten\u00edan que hacer la mili y\u00a0en <strong>Semana Santa<\/strong>, antes de incorporarse\u00a0a su destino, organizaban en su pueblo una fiesta de despedida. Una vez desaparecida\u00a0esta obligatoriedad, hoy en\u00a0d\u00eda se hace al cumplir los 18 a\u00f1os y participan\u00a0tanto chicos como chicas.<\/p>\n<p style=\"text-align: justify\">Los quintos fabrican un Judas con un mono de trabajo relleno de paja\u00a0y un botijo como cabeza. En la madrugada del s\u00e1bado al domingo se realiza todo\u00a0el\u00a0trabajo en la plaza del pueblo. En uno de los extremos de un tronco\u00a0dispuesto de forma vertical se coloca al Judas. Despu\u00e9s colocan tres pares de\u00a0palos en\u00a0forma de X para ir subiendo y asegurando el tronco a la vez que se\u00a0tiran de gruesas cuerdas. Es una tarea muy dura, adem\u00e1s de peligrosa por la\u00a0envergadura\u00a0de los troncos utilizados, llevando unas cuatro o cinco horas de trabajo<\/p>\n<p style=\"text-align: justify\">Antes de que se celebre la misa del <strong>domingo\u00a0de Resurrecci\u00f3n<\/strong> se suelta una de las cuerdas que sujetan el tronco, de tal modo\u00a0que el Judas cae desde lo alto a lo m\u00e1s cerca\u00a0posible de la puerta de la Iglesia. Una vez en el\u00a0suelo, los ni\u00f1os le extraen los caramelos que lleva en su interior, lo pasean\u00a0por el pueblo y finalmente le\u00a0prenden fuego. Tradiciones que est\u00e1n desapareciendo debido a que cada vez hay menos j\u00f3venes que se quedan a vivir en pueblos peque\u00f1os.<\/p>\n<p><a href=\"https:\/\/www.javierfalco.com\/blog\/wp-content\/uploads\/2015\/04\/DSC2878.jpg\"><img loading=\"lazy\" decoding=\"async\" class=\"alignnone size-thumbnail wp-image-5694 colorbox-5691\" alt=\"_DSC2878\" src=\"https:\/\/www.javierfalco.com\/blog\/wp-content\/uploads\/2015\/04\/DSC2878-150x150.jpg\" width=\"150\" height=\"150\" srcset=\"https:\/\/www.javierfalco.com\/blog\/wp-content\/uploads\/2015\/04\/DSC2878-150x150.jpg 150w, https:\/\/www.javierfalco.com\/blog\/wp-content\/uploads\/2015\/04\/DSC2878-48x48.jpg 48w\" sizes=\"auto, (max-width: 150px) 100vw, 150px\" \/><\/a>\u00a0<a href=\"https:\/\/www.javierfalco.com\/blog\/wp-content\/uploads\/2015\/04\/DSC2921.jpg\"><img loading=\"lazy\" decoding=\"async\" class=\"alignnone size-thumbnail wp-image-5695 colorbox-5691\" alt=\"_DSC2921\" src=\"https:\/\/www.javierfalco.com\/blog\/wp-content\/uploads\/2015\/04\/DSC2921-150x150.jpg\" width=\"150\" height=\"150\" srcset=\"https:\/\/www.javierfalco.com\/blog\/wp-content\/uploads\/2015\/04\/DSC2921-150x150.jpg 150w, https:\/\/www.javierfalco.com\/blog\/wp-content\/uploads\/2015\/04\/DSC2921-48x48.jpg 48w\" sizes=\"auto, (max-width: 150px) 100vw, 150px\" \/><\/a>\u00a0<a href=\"https:\/\/www.javierfalco.com\/blog\/wp-content\/uploads\/2015\/04\/DSC2929.jpg\"><img loading=\"lazy\" decoding=\"async\" class=\"alignnone size-thumbnail wp-image-5696 colorbox-5691\" alt=\"_DSC2929\" src=\"https:\/\/www.javierfalco.com\/blog\/wp-content\/uploads\/2015\/04\/DSC2929-150x150.jpg\" width=\"150\" height=\"150\" srcset=\"https:\/\/www.javierfalco.com\/blog\/wp-content\/uploads\/2015\/04\/DSC2929-150x150.jpg 150w, https:\/\/www.javierfalco.com\/blog\/wp-content\/uploads\/2015\/04\/DSC2929-48x48.jpg 48w\" sizes=\"auto, (max-width: 150px) 100vw, 150px\" \/><\/a>\u00a0<a href=\"https:\/\/www.javierfalco.com\/blog\/wp-content\/uploads\/2015\/04\/DSC2955.jpg\"><img loading=\"lazy\" decoding=\"async\" class=\"alignnone size-thumbnail wp-image-5697 colorbox-5691\" alt=\"_DSC2955\" src=\"https:\/\/www.javierfalco.com\/blog\/wp-content\/uploads\/2015\/04\/DSC2955-150x150.jpg\" width=\"150\" height=\"150\" srcset=\"https:\/\/www.javierfalco.com\/blog\/wp-content\/uploads\/2015\/04\/DSC2955-150x150.jpg 150w, https:\/\/www.javierfalco.com\/blog\/wp-content\/uploads\/2015\/04\/DSC2955-48x48.jpg 48w\" sizes=\"auto, (max-width: 150px) 100vw, 150px\" \/><\/a>\u00a0<a href=\"https:\/\/www.javierfalco.com\/blog\/wp-content\/uploads\/2015\/04\/DSC2991.jpg\"><img loading=\"lazy\" decoding=\"async\" class=\"alignnone size-thumbnail wp-image-5698 colorbox-5691\" alt=\"_DSC2991\" src=\"https:\/\/www.javierfalco.com\/blog\/wp-content\/uploads\/2015\/04\/DSC2991-150x150.jpg\" width=\"150\" height=\"150\" srcset=\"https:\/\/www.javierfalco.com\/blog\/wp-content\/uploads\/2015\/04\/DSC2991-150x150.jpg 150w, https:\/\/www.javierfalco.com\/blog\/wp-content\/uploads\/2015\/04\/DSC2991-48x48.jpg 48w\" sizes=\"auto, (max-width: 150px) 100vw, 150px\" \/><\/a>\u00a0<a href=\"https:\/\/www.javierfalco.com\/blog\/wp-content\/uploads\/2015\/04\/DSC3008.jpg\"><img loading=\"lazy\" decoding=\"async\" class=\"alignnone size-thumbnail wp-image-5700 colorbox-5691\" alt=\"_DSC3008\" src=\"https:\/\/www.javierfalco.com\/blog\/wp-content\/uploads\/2015\/04\/DSC3008-150x150.jpg\" width=\"150\" height=\"150\" srcset=\"https:\/\/www.javierfalco.com\/blog\/wp-content\/uploads\/2015\/04\/DSC3008-150x150.jpg 150w, https:\/\/www.javierfalco.com\/blog\/wp-content\/uploads\/2015\/04\/DSC3008-48x48.jpg 48w\" sizes=\"auto, (max-width: 150px) 100vw, 150px\" \/><\/a>\u00a0<img loading=\"lazy\" decoding=\"async\" class=\"alignnone size-thumbnail wp-image-5699 colorbox-5691\" style=\"font-size: 0.8em;line-height: normal\" alt=\"_DSC2998\" src=\"https:\/\/www.javierfalco.com\/blog\/wp-content\/uploads\/2015\/04\/DSC2998-150x150.jpg\" width=\"150\" height=\"150\" srcset=\"https:\/\/www.javierfalco.com\/blog\/wp-content\/uploads\/2015\/04\/DSC2998-150x150.jpg 150w, https:\/\/www.javierfalco.com\/blog\/wp-content\/uploads\/2015\/04\/DSC2998-48x48.jpg 48w\" sizes=\"auto, (max-width: 150px) 100vw, 150px\" \/>\u00a0<img loading=\"lazy\" decoding=\"async\" class=\"alignnone size-thumbnail wp-image-5701 colorbox-5691\" style=\"font-size: 0.8em;line-height: normal\" alt=\"_DSC3026\" src=\"https:\/\/www.javierfalco.com\/blog\/wp-content\/uploads\/2015\/04\/DSC3026-150x150.jpg\" width=\"150\" height=\"150\" srcset=\"https:\/\/www.javierfalco.com\/blog\/wp-content\/uploads\/2015\/04\/DSC3026-150x150.jpg 150w, https:\/\/www.javierfalco.com\/blog\/wp-content\/uploads\/2015\/04\/DSC3026-48x48.jpg 48w\" sizes=\"auto, (max-width: 150px) 100vw, 150px\" \/>\u00a0<a style=\"font-size: 0.8em\" href=\"https:\/\/www.javierfalco.com\/blog\/wp-content\/uploads\/2015\/04\/DSC3049.jpg\"><img loading=\"lazy\" decoding=\"async\" class=\"alignnone size-thumbnail wp-image-5702 colorbox-5691\" alt=\"_DSC3049\" src=\"https:\/\/www.javierfalco.com\/blog\/wp-content\/uploads\/2015\/04\/DSC3049-150x150.jpg\" width=\"150\" height=\"150\" srcset=\"https:\/\/www.javierfalco.com\/blog\/wp-content\/uploads\/2015\/04\/DSC3049-150x150.jpg 150w, https:\/\/www.javierfalco.com\/blog\/wp-content\/uploads\/2015\/04\/DSC3049-48x48.jpg 48w\" sizes=\"auto, (max-width: 150px) 100vw, 150px\" \/><\/a>\u00a0<a style=\"font-size: 0.8em\" href=\"https:\/\/www.javierfalco.com\/blog\/wp-content\/uploads\/2015\/04\/DSC3058.jpg\"><img loading=\"lazy\" decoding=\"async\" class=\"alignnone size-thumbnail wp-image-5703 colorbox-5691\" alt=\"_DSC3058\" src=\"https:\/\/www.javierfalco.com\/blog\/wp-content\/uploads\/2015\/04\/DSC3058-150x150.jpg\" width=\"150\" height=\"150\" srcset=\"https:\/\/www.javierfalco.com\/blog\/wp-content\/uploads\/2015\/04\/DSC3058-150x150.jpg 150w, https:\/\/www.javierfalco.com\/blog\/wp-content\/uploads\/2015\/04\/DSC3058-48x48.jpg 48w\" sizes=\"auto, (max-width: 150px) 100vw, 150px\" \/><\/a>\u00a0<a style=\"font-size: 0.8em\" href=\"https:\/\/www.javierfalco.com\/blog\/wp-content\/uploads\/2015\/04\/DSC3082.jpg\"><img loading=\"lazy\" decoding=\"async\" class=\"alignnone size-thumbnail wp-image-5704 colorbox-5691\" alt=\"_DSC3082\" src=\"https:\/\/www.javierfalco.com\/blog\/wp-content\/uploads\/2015\/04\/DSC3082-150x150.jpg\" width=\"150\" height=\"150\" srcset=\"https:\/\/www.javierfalco.com\/blog\/wp-content\/uploads\/2015\/04\/DSC3082-150x150.jpg 150w, https:\/\/www.javierfalco.com\/blog\/wp-content\/uploads\/2015\/04\/DSC3082-48x48.jpg 48w\" sizes=\"auto, (max-width: 150px) 100vw, 150px\" \/><\/a>\u00a0<a style=\"font-size: 0.8em\" href=\"https:\/\/www.javierfalco.com\/blog\/wp-content\/uploads\/2015\/04\/DSC3125.jpg\"><img loading=\"lazy\" decoding=\"async\" class=\"alignnone size-thumbnail wp-image-5705 colorbox-5691\" alt=\"_DSC3125\" src=\"https:\/\/www.javierfalco.com\/blog\/wp-content\/uploads\/2015\/04\/DSC3125-150x150.jpg\" width=\"150\" height=\"150\" srcset=\"https:\/\/www.javierfalco.com\/blog\/wp-content\/uploads\/2015\/04\/DSC3125-150x150.jpg 150w, https:\/\/www.javierfalco.com\/blog\/wp-content\/uploads\/2015\/04\/DSC3125-48x48.jpg 48w\" sizes=\"auto, (max-width: 150px) 100vw, 150px\" \/><\/a><\/p>\n","protected":false},"excerpt":{"rendered":"<p>La celebraci\u00f3n\u00a0del Judas y los quintos es una tradici\u00f3n que se celebra en muy pocos pueblos y\u00a0normalmente se lleva a cabo el domingo de\u00a0Resurrecci\u00f3n. En\u00a0esta\u00a0celebraci\u00f3n se lincha o quema un mu\u00f1eco que representa a\u00a0Judas Iscariote.\u00a0Albalate de las Nogueras en Cuenca, &hellip; <a href=\"https:\/\/www.javierfalco.com\/blog\/judas-y-los-quintos\/\">Sigue leyendo <span class=\"meta-nav\">&rarr;<\/span><\/a><\/p>\n","protected":false},"author":4,"featured_media":0,"comment_status":"open","ping_status":"open","sticky":false,"template":"","format":"standard","meta":{"footnotes":""},"categories":[1,182,65],"tags":[256,434,563,564,566],"class_list":["post-5691","post","type-post","status-publish","format-standard","hentry","category-general","category-historia","category-reportaje","tag-albalate-de-las-nogueras","tag-cuenca","tag-judas","tag-quintos","tag-semana-santa"],"_links":{"self":[{"href":"https:\/\/www.javierfalco.com\/blog\/wp-json\/wp\/v2\/posts\/5691","targetHints":{"allow":["GET"]}}],"collection":[{"href":"https:\/\/www.javierfalco.com\/blog\/wp-json\/wp\/v2\/posts"}],"about":[{"href":"https:\/\/www.javierfalco.com\/blog\/wp-json\/wp\/v2\/types\/post"}],"author":[{"embeddable":true,"href":"https:\/\/www.javierfalco.com\/blog\/wp-json\/wp\/v2\/users\/4"}],"replies":[{"embeddable":true,"href":"https:\/\/www.javierfalco.com\/blog\/wp-json\/wp\/v2\/comments?post=5691"}],"version-history":[{"count":23,"href":"https:\/\/www.javierfalco.com\/blog\/wp-json\/wp\/v2\/posts\/5691\/revisions"}],"predecessor-version":[{"id":5729,"href":"https:\/\/www.javierfalco.com\/blog\/wp-json\/wp\/v2\/posts\/5691\/revisions\/5729"}],"wp:attachment":[{"href":"https:\/\/www.javierfalco.com\/blog\/wp-json\/wp\/v2\/media?parent=5691"}],"wp:term":[{"taxonomy":"category","embeddable":true,"href":"https:\/\/www.javierfalco.com\/blog\/wp-json\/wp\/v2\/categories?post=5691"},{"taxonomy":"post_tag","embeddable":true,"href":"https:\/\/www.javierfalco.com\/blog\/wp-json\/wp\/v2\/tags?post=5691"}],"curies":[{"name":"wp","href":"https:\/\/api.w.org\/{rel}","templated":true}]}}