{"id":5737,"date":"2015-10-13T19:01:32","date_gmt":"2015-10-13T18:01:32","guid":{"rendered":"http:\/\/www.javierfalco.com\/blog\/?p=5737"},"modified":"2015-10-22T06:37:40","modified_gmt":"2015-10-22T05:37:40","slug":"presentacion-del-documental-memorias-de-sidi-ifni","status":"publish","type":"post","link":"https:\/\/www.javierfalco.com\/blog\/presentacion-del-documental-memorias-de-sidi-ifni\/","title":{"rendered":"Presentaci\u00f3n del documental \u00abMemorias de Sidi Ifni\u00bb"},"content":{"rendered":"<p dir=\"ltr\">El pasado d\u00eda 9 de octubre se presentaba en la casa de cultura de <strong>Estella<\/strong>, \u201c<strong>Memorias de Sidi Ifni<\/strong>\u201d. Una entrevista documental que plasma las memorias y emociones de un vecino de Estella (Navarra), ante una encrucijada en su vida.<\/p>\n<p dir=\"ltr\">Un trabajo que refleja la historia de un joven de 21 a\u00f1os que lo que anhela es salir adelante en la vida, formar una familia y vivir en paz. Sin embargo, el Estado pone en juego su vida contra su voluntad en una guerra contra el ej\u00e9rcito de liberaci\u00f3n marroqu\u00ed en el territorio norteafricano de Ifni.<\/p>\n<p dir=\"ltr\">Es el resultado de una hora de entrevista, sintetizada en poco m\u00e1s de 10 minutos. Tambi\u00e9n es un peque\u00f1o homenaje a Paco Ciordia como protagonista de esta historia. No pretende ser un documental sobre la guerra de Sidi Ifni, no es un documental pol\u00edtico, ni militar, ni tampoco es un documental sobre el colonialismo. Solo pretende hacer reflexionar al espectador sobre un lamentable episodio de nuestra historia, que siempre se intent\u00f3 minimizar y silenciar.<\/p>\n<p dir=\"ltr\">El documental tambi\u00e9n refleja la ausencia de rencor hac\u00eda el enemigo, a pesar de que al protagonista se le ha obligado al enfrentamiento. De alguna manera, es una lecci\u00f3n de humanidad para los que han tratado de enfrentarlos.<\/p>\n<p dir=\"ltr\">Un acto entra\u00f1able que present\u00f3 Alberto Arainz de Radio Estella y que cont\u00f3 con la presencia del alcalde y el concejal de cultura de dicha localidad. Al acto acudi\u00f3 el protagonista, su familia, vecinos y gran parte de los realizadores del documental.<\/p>\n<p dir=\"ltr\">Este trabajo ha contado con la colaboraci\u00f3n de Ximo Fern\u00e1ndez que ha echado un buen mont\u00f3n de horas en la producci\u00f3n y el montaje, de Amin Bouija que se ha encargado de la grabaci\u00f3n del sonido, de Jes\u00fas V. Falc\u00f3 que ha puesto la voz en off, de Batiste Miguel que lo ha sonorizado, de Carles Gasc\u00f3 que ha prestado equipo y de Manuel L\u00f3pez S\u00e1nchez que se ha encargado del grafismo y el cartel. Finalmente dar la gracias a Alberto L\u00f3pez, que ha sido adem\u00e1s de colaborador, el posibilitador de este estreno junto a M\u00aa Jos\u00e9 Ciordia<\/p>\n<p dir=\"ltr\"><a href=\"https:\/\/www.javierfalco.com\/blog\/wp-content\/uploads\/2015\/10\/diariodenoticiasnavarra.jpg\">Prensa<\/a><\/p>\n<p dir=\"ltr\">Fotograf\u00edas de\u00a0<a href=\"http:\/\/www.ximofernandez.com\">Ximo Fern\u00e1ndez<\/a><\/p>\n<p><a href=\"https:\/\/www.javierfalco.com\/blog\/wp-content\/uploads\/2015\/10\/MG_3727.jpg\"><img loading=\"lazy\" decoding=\"async\" class=\"alignnone size-medium wp-image-5743 colorbox-5737\" alt=\"_MG_3727\" src=\"https:\/\/www.javierfalco.com\/blog\/wp-content\/uploads\/2015\/10\/MG_3727-300x200.jpg\" width=\"300\" height=\"200\" srcset=\"https:\/\/www.javierfalco.com\/blog\/wp-content\/uploads\/2015\/10\/MG_3727-300x200.jpg 300w, https:\/\/www.javierfalco.com\/blog\/wp-content\/uploads\/2015\/10\/MG_3727.jpg 1024w\" sizes=\"auto, (max-width: 300px) 100vw, 300px\" \/><\/a>\u00a0<a href=\"https:\/\/www.javierfalco.com\/blog\/wp-content\/uploads\/2015\/10\/MG_3806.jpg\"><img loading=\"lazy\" decoding=\"async\" class=\"alignnone size-medium wp-image-5742 colorbox-5737\" alt=\"_MG_3806\" src=\"https:\/\/www.javierfalco.com\/blog\/wp-content\/uploads\/2015\/10\/MG_3806-300x200.jpg\" width=\"300\" height=\"200\" srcset=\"https:\/\/www.javierfalco.com\/blog\/wp-content\/uploads\/2015\/10\/MG_3806-300x200.jpg 300w, https:\/\/www.javierfalco.com\/blog\/wp-content\/uploads\/2015\/10\/MG_3806.jpg 1024w\" sizes=\"auto, (max-width: 300px) 100vw, 300px\" \/><\/a>\u00a0<a href=\"https:\/\/www.javierfalco.com\/blog\/wp-content\/uploads\/2015\/10\/MG_3737.jpg\"><img loading=\"lazy\" decoding=\"async\" class=\"alignnone size-medium wp-image-5741 colorbox-5737\" alt=\"_MG_3737\" src=\"https:\/\/www.javierfalco.com\/blog\/wp-content\/uploads\/2015\/10\/MG_3737-300x200.jpg\" width=\"300\" height=\"200\" srcset=\"https:\/\/www.javierfalco.com\/blog\/wp-content\/uploads\/2015\/10\/MG_3737-300x200.jpg 300w, https:\/\/www.javierfalco.com\/blog\/wp-content\/uploads\/2015\/10\/MG_3737.jpg 1024w\" sizes=\"auto, (max-width: 300px) 100vw, 300px\" \/><\/a>\u00a0<a href=\"https:\/\/www.javierfalco.com\/blog\/wp-content\/uploads\/2015\/10\/MG_3732.jpg\"><img loading=\"lazy\" decoding=\"async\" class=\"alignnone size-medium wp-image-5740 colorbox-5737\" alt=\"_MG_3732\" src=\"https:\/\/www.javierfalco.com\/blog\/wp-content\/uploads\/2015\/10\/MG_3732-300x200.jpg\" width=\"300\" height=\"200\" srcset=\"https:\/\/www.javierfalco.com\/blog\/wp-content\/uploads\/2015\/10\/MG_3732-300x200.jpg 300w, https:\/\/www.javierfalco.com\/blog\/wp-content\/uploads\/2015\/10\/MG_3732.jpg 1024w\" sizes=\"auto, (max-width: 300px) 100vw, 300px\" \/><\/a><\/p>\n<p>&nbsp;<\/p>\n<p><iframe loading=\"lazy\" src=\"https:\/\/player.vimeo.com\/video\/135944688\" height=\"360\" width=\"640\" allowfullscreen=\"\" frameborder=\"0\"><\/iframe><\/p>\n","protected":false},"excerpt":{"rendered":"<p>El pasado d\u00eda 9 de octubre se presentaba en la casa de cultura de Estella, \u201cMemorias de Sidi Ifni\u201d. Una entrevista documental que plasma las memorias y emociones de un vecino de Estella (Navarra), ante una encrucijada en su vida. &hellip; <a href=\"https:\/\/www.javierfalco.com\/blog\/presentacion-del-documental-memorias-de-sidi-ifni\/\">Sigue leyendo <span class=\"meta-nav\">&rarr;<\/span><\/a><\/p>\n","protected":false},"author":4,"featured_media":0,"comment_status":"open","ping_status":"open","sticky":false,"template":"","format":"standard","meta":{"footnotes":""},"categories":[195,1,83],"tags":[519,569,568,567],"class_list":["post-5737","post","type-post","status-publish","format-standard","hentry","category-exposiciones","category-general","category-noticias","tag-documental","tag-estella","tag-lizarra","tag-sidi-ifni"],"_links":{"self":[{"href":"https:\/\/www.javierfalco.com\/blog\/wp-json\/wp\/v2\/posts\/5737","targetHints":{"allow":["GET"]}}],"collection":[{"href":"https:\/\/www.javierfalco.com\/blog\/wp-json\/wp\/v2\/posts"}],"about":[{"href":"https:\/\/www.javierfalco.com\/blog\/wp-json\/wp\/v2\/types\/post"}],"author":[{"embeddable":true,"href":"https:\/\/www.javierfalco.com\/blog\/wp-json\/wp\/v2\/users\/4"}],"replies":[{"embeddable":true,"href":"https:\/\/www.javierfalco.com\/blog\/wp-json\/wp\/v2\/comments?post=5737"}],"version-history":[{"count":21,"href":"https:\/\/www.javierfalco.com\/blog\/wp-json\/wp\/v2\/posts\/5737\/revisions"}],"predecessor-version":[{"id":5767,"href":"https:\/\/www.javierfalco.com\/blog\/wp-json\/wp\/v2\/posts\/5737\/revisions\/5767"}],"wp:attachment":[{"href":"https:\/\/www.javierfalco.com\/blog\/wp-json\/wp\/v2\/media?parent=5737"}],"wp:term":[{"taxonomy":"category","embeddable":true,"href":"https:\/\/www.javierfalco.com\/blog\/wp-json\/wp\/v2\/categories?post=5737"},{"taxonomy":"post_tag","embeddable":true,"href":"https:\/\/www.javierfalco.com\/blog\/wp-json\/wp\/v2\/tags?post=5737"}],"curies":[{"name":"wp","href":"https:\/\/api.w.org\/{rel}","templated":true}]}}