{"id":577,"date":"2009-07-25T09:10:21","date_gmt":"2009-07-25T07:10:21","guid":{"rendered":"http:\/\/www.javierfalco.com\/blog\/?p=577"},"modified":"2009-07-16T13:41:13","modified_gmt":"2009-07-16T11:41:13","slug":"todo-el-mundo-tiene-una-camara","status":"publish","type":"post","link":"https:\/\/www.javierfalco.com\/blog\/todo-el-mundo-tiene-una-camara\/","title":{"rendered":"Todo el mundo tiene una c\u00e1mara"},"content":{"rendered":"<div>\n<div><span style=\"font-size: small;\"><img loading=\"lazy\" decoding=\"async\" class=\"alignleft size-full wp-image-589 colorbox-577\" title=\"rafa\" src=\"https:\/\/www.javierfalco.com\/blog\/wp-content\/uploads\/2009\/07\/rafa.jpg\" alt=\"rafa\" width=\"300\" height=\"225\" \/>En estos tiempos que corren y de la mano de la revoluci\u00f3n digital, casi todo el mundo tiene una c\u00e1mara fotogr\u00e1fica. Dos son sus principales atractivos; lo asequibles que son y que no se necesita de terceros para visualizar las im\u00e1genes tomadas. Es resultado es inmediato. Imagino que tambi\u00e9n, el hecho de que la gran mayor\u00eda de tel\u00e9fonos m\u00f3viles incorporen la posibilidad de hacer fotos, ha sido un trampol\u00edn para adquirir c\u00e1maras con m\u00e1s\u00a0<span class=\"misspell\">posibilidades<\/span>. La fotograf\u00eda es ahora m\u00e1s popular que nunca.<\/span><\/div>\n<div><span style=\"font-size: small;\">En la era\u00a0<span class=\"misspell\">predigital<\/span> no eran tantos los osados en adentrarse en el mundo de la fotograf\u00eda, pues\u00a0<span class=\"misspell\">probablemente<\/span> exig\u00eda m\u00e1s pr\u00e1ctica, no hab\u00eda tanta informaci\u00f3n y era bastante m\u00e1s caro. Sobre todo el aprendizaje, donde hab\u00eda que hacer bastantes pruebas para dominar el manejo de la c\u00e1mara. Antes no se apretaba el obturador alegremente como se hace ahora, pues cada foto costaba lo suyo y encerrarse en el cuarto oscuro, era la \u00fanica opci\u00f3n si no se quer\u00eda pasar por los\u00a0<span class=\"misspell\">laboratorios<\/span>. Adem\u00e1s no todo el mundo estaba dispuesto a dedicarle tiempo a esos menesteres, ni ten\u00eda los medios para disponer de un laboratorio propio.<\/span><\/div>\n<div><span style=\"font-size: small;\">En resumen&#8230;la fotograf\u00eda es ahora m\u00e1s accesible y m\u00e1s popular, adem\u00e1s est\u00e1\u00a0<span class=\"misspell\">sobredimensionada<\/span> desde el punto de vista\u00a0<span class=\"misspell\">medi\u00e1tico,<\/span> ya que sitios como\u00a0<span class=\"misspell\">flickr<\/span> e iniciativas similares, han supuesto una aut\u00e9ntica revoluci\u00f3n de la imagen en Internet. Estamos pues, ante una gran avalancha de im\u00e1genes tanto excelente calidad como de escaso inter\u00e9s, pero corremos el riesgo de saturarnos.<\/span><\/div>\n<div><span style=\"font-size: small;\">\u00bfEso es bueno para la fotograf\u00eda?, \u00bfLa potencia?, \u00bfLa diversifica?, \u00bfLa\u00a0<span class=\"misspell\">desprestigia<\/span>?, \u00bfHac\u00eda donde se dirige?<\/span><\/div>\n<\/div>\n","protected":false},"excerpt":{"rendered":"<p>En estos tiempos que corren y de la mano de la revoluci\u00f3n digital, casi todo el mundo tiene una c\u00e1mara fotogr\u00e1fica. Dos son sus principales atractivos; lo asequibles que son y que no se necesita de terceros para visualizar las &hellip; <a href=\"https:\/\/www.javierfalco.com\/blog\/todo-el-mundo-tiene-una-camara\/\">Sigue leyendo <span class=\"meta-nav\">&rarr;<\/span><\/a><\/p>\n","protected":false},"author":4,"featured_media":0,"comment_status":"open","ping_status":"open","sticky":false,"template":"","format":"standard","meta":{"footnotes":""},"categories":[1],"tags":[45,8,44],"class_list":["post-577","post","type-post","status-publish","format-standard","hentry","category-general","tag-digital","tag-flickr","tag-fotografia-popular"],"_links":{"self":[{"href":"https:\/\/www.javierfalco.com\/blog\/wp-json\/wp\/v2\/posts\/577","targetHints":{"allow":["GET"]}}],"collection":[{"href":"https:\/\/www.javierfalco.com\/blog\/wp-json\/wp\/v2\/posts"}],"about":[{"href":"https:\/\/www.javierfalco.com\/blog\/wp-json\/wp\/v2\/types\/post"}],"author":[{"embeddable":true,"href":"https:\/\/www.javierfalco.com\/blog\/wp-json\/wp\/v2\/users\/4"}],"replies":[{"embeddable":true,"href":"https:\/\/www.javierfalco.com\/blog\/wp-json\/wp\/v2\/comments?post=577"}],"version-history":[{"count":14,"href":"https:\/\/www.javierfalco.com\/blog\/wp-json\/wp\/v2\/posts\/577\/revisions"}],"predecessor-version":[{"id":696,"href":"https:\/\/www.javierfalco.com\/blog\/wp-json\/wp\/v2\/posts\/577\/revisions\/696"}],"wp:attachment":[{"href":"https:\/\/www.javierfalco.com\/blog\/wp-json\/wp\/v2\/media?parent=577"}],"wp:term":[{"taxonomy":"category","embeddable":true,"href":"https:\/\/www.javierfalco.com\/blog\/wp-json\/wp\/v2\/categories?post=577"},{"taxonomy":"post_tag","embeddable":true,"href":"https:\/\/www.javierfalco.com\/blog\/wp-json\/wp\/v2\/tags?post=577"}],"curies":[{"name":"wp","href":"https:\/\/api.w.org\/{rel}","templated":true}]}}