{"id":639,"date":"2009-07-18T09:37:11","date_gmt":"2009-07-18T07:37:11","guid":{"rendered":"http:\/\/www.javierfalco.com\/blog\/?p=639"},"modified":"2011-10-27T08:00:22","modified_gmt":"2011-10-27T07:00:22","slug":"tratando-de-situar-al-blanco-y-negro","status":"publish","type":"post","link":"https:\/\/www.javierfalco.com\/blog\/tratando-de-situar-al-blanco-y-negro\/","title":{"rendered":"Tratando de situar al blanco y negro&#8230;"},"content":{"rendered":"<p class=\"alignleft\">&nbsp;<\/p>\n<p class=\"alignleft\">&nbsp;<\/p>\n<p class=\"alignleft\"><img loading=\"lazy\" decoding=\"async\" class=\"alignnone size-full wp-image-702 colorbox-639\" title=\"c\" src=\"https:\/\/www.javierfalco.com\/blog\/wp-content\/uploads\/2009\/07\/c.jpg\" alt=\"c\" width=\"280\" height=\"182\" \/><img loading=\"lazy\" decoding=\"async\" class=\"alignnone size-full wp-image-704 colorbox-639\" title=\"b\" src=\"https:\/\/www.javierfalco.com\/blog\/wp-content\/uploads\/2009\/07\/b.jpg\" alt=\"b\" width=\"280\" height=\"182\" \/><\/p>\n<p class=\"alignleft\">En m\u00e1s de una ocasi\u00f3n he escuchado o le\u00eddo que el blanco y negro da m\u00e1s fuerza a la fotograf\u00eda, que transmite mejor, que es m\u00e1s dram\u00e1tico, m\u00e1s expresivo, etc&#8230;y yo me pregunto&#8230;\u00bfPor qu\u00e9 apenas hay pintores, directores de cine o artistas en general que usen mayoritariamente el blanco y negro como forma de expresi\u00f3n?. No creo que los grandes pintores del renacimiento se les pasara por la cabeza pintar en blanco y negro, cuando pod\u00edan hacerlo en color. En los inicios de la fotograf\u00eda no se pod\u00eda escoger y hab\u00eda que trabajar necesariamente en blanco y negro, creando toda una manera de ver y entender la fotograf\u00eda, pero ahora s\u00ed podemos escoger.<\/p>\n<p class=\"alignleft\">\u00bfPuede ser que el uso del blanco y negro en la actualidad, aparte de su indudable belleza, sea tambi\u00e9n una especie de dogma fotogr\u00e1fico heredado del pasado?. Yo creo que es simplemente una forma m\u00e1s de comunicar, ni mejor, ni peor que otras.<\/p>\n<p class=\"alignleft\">Es cierto que el blanco y negro es muy evocador porque nos traslada al pasado, pero tambi\u00e9n lo son, los virados o las fotograf\u00edas con \u00abese\u00bb caracter\u00edstico color degradado t\u00edpico de los a\u00f1os 70.<\/p>\n<p class=\"alignleft\">Creo que el blanco y negro es una forma de expresi\u00f3n m\u00e1s b\u00e1sica y menos rica en matices que el color, pero m\u00e1s sencilla y r\u00e1pida a la hora de trasmitir sensaciones, pero eso no lo sit\u00faa en ning\u00fan sitio privilegiado.<\/p>\n<p class=\"alignleft\">No acabo de entender cuando leo que tal o cual fotograf\u00eda <strong>quedar\u00eda<\/strong> mejor en blanco y negro que en color. El color aporta m\u00e1s informaci\u00f3n. Suma, no resta. Otra cosa son los gustos y precisamente para gustos los colores&#8230;<\/p>\n<p class=\"alignleft\">Quiz\u00e1s haya que cambiar la frase &#8230;\u00bb<em>que tal o cual fotograf\u00eda <strong>quedar\u00eda<\/strong><\/em><em> mejor en blanco y negro que en color\u00bb<\/em>&#8230;por&#8230;\u00bb<em>que tal o cual fotograf\u00eda <strong>me gustar\u00eda<\/strong><\/em><em> m\u00e1s en blanco y negro que en color\u00bb<\/em>, \u00bfno?<\/p>\n<p class=\"alignleft\">&nbsp;<\/p>\n<p class=\"alignleft\">&nbsp;<\/p>\n<p class=\"alignleft\">Hay un interesante fotoblog llamado \u00ab<a href=\"http:\/\/www.bw-color.com\">Black &amp; White or color<\/a>\u00bb de Ferran Jord\u00e0 que muestras sus fotograf\u00edas siempre en las dos opciones y es curioso porque mientras no ves la opci\u00f3n de color, puedes pensar que la fotografia expuesta en blanco y negro es sencillamente genial, pero cuando la comparas con la de color, te asaltan las dudas sobre cual te gusta m\u00e1s.<\/p>\n<p class=\"alignleft\">Que conste que a m\u00ed tambi\u00e9n me encanta el blanco y negro, pero a veces no puedo evitar pensar que hay demasiada rigidez e incluso cierto fundamentalismo en estas cosas y para eso est\u00e1 este blog, para opinar. \u00a0\u00bfQu\u00e9 piensas t\u00fa?<\/p>\n","protected":false},"excerpt":{"rendered":"<p>&nbsp; &nbsp; En m\u00e1s de una ocasi\u00f3n he escuchado o le\u00eddo que el blanco y negro da m\u00e1s fuerza a la fotograf\u00eda, que transmite mejor, que es m\u00e1s dram\u00e1tico, m\u00e1s expresivo, etc&#8230;y yo me pregunto&#8230;\u00bfPor qu\u00e9 apenas hay pintores, directores &hellip; <a href=\"https:\/\/www.javierfalco.com\/blog\/tratando-de-situar-al-blanco-y-negro\/\">Sigue leyendo <span class=\"meta-nav\">&rarr;<\/span><\/a><\/p>\n","protected":false},"author":4,"featured_media":0,"comment_status":"open","ping_status":"open","sticky":false,"template":"","format":"standard","meta":{"footnotes":""},"categories":[1],"tags":[61,62],"class_list":["post-639","post","type-post","status-publish","format-standard","hentry","category-general","tag-blanco-y-negro","tag-color"],"_links":{"self":[{"href":"https:\/\/www.javierfalco.com\/blog\/wp-json\/wp\/v2\/posts\/639","targetHints":{"allow":["GET"]}}],"collection":[{"href":"https:\/\/www.javierfalco.com\/blog\/wp-json\/wp\/v2\/posts"}],"about":[{"href":"https:\/\/www.javierfalco.com\/blog\/wp-json\/wp\/v2\/types\/post"}],"author":[{"embeddable":true,"href":"https:\/\/www.javierfalco.com\/blog\/wp-json\/wp\/v2\/users\/4"}],"replies":[{"embeddable":true,"href":"https:\/\/www.javierfalco.com\/blog\/wp-json\/wp\/v2\/comments?post=639"}],"version-history":[{"count":45,"href":"https:\/\/www.javierfalco.com\/blog\/wp-json\/wp\/v2\/posts\/639\/revisions"}],"predecessor-version":[{"id":703,"href":"https:\/\/www.javierfalco.com\/blog\/wp-json\/wp\/v2\/posts\/639\/revisions\/703"}],"wp:attachment":[{"href":"https:\/\/www.javierfalco.com\/blog\/wp-json\/wp\/v2\/media?parent=639"}],"wp:term":[{"taxonomy":"category","embeddable":true,"href":"https:\/\/www.javierfalco.com\/blog\/wp-json\/wp\/v2\/categories?post=639"},{"taxonomy":"post_tag","embeddable":true,"href":"https:\/\/www.javierfalco.com\/blog\/wp-json\/wp\/v2\/tags?post=639"}],"curies":[{"name":"wp","href":"https:\/\/api.w.org\/{rel}","templated":true}]}}