{"id":643,"date":"2009-08-01T09:00:15","date_gmt":"2009-08-01T07:00:15","guid":{"rendered":"http:\/\/www.javierfalco.com\/blog\/?p=643"},"modified":"2009-08-01T18:10:14","modified_gmt":"2009-08-01T16:10:14","slug":"fotoblogs-que-me-inspiran-iv","status":"publish","type":"post","link":"https:\/\/www.javierfalco.com\/blog\/fotoblogs-que-me-inspiran-iv\/","title":{"rendered":"Fotoblogs que me inspiran IV"},"content":{"rendered":"<p><img loading=\"lazy\" decoding=\"async\" class=\"alignleft size-full wp-image-654 colorbox-643\" title=\"Aina\" src=\"https:\/\/www.javierfalco.com\/blog\/wp-content\/uploads\/2009\/07\/Aina.jpg\" alt=\"Aina\" width=\"300\" height=\"221\" \/>A Enric Mestres Illamola y a su fotoblog\u00a0<a href=\"http:\/\/www.emillamola.com\/\">emillamola<\/a> lo descubr\u00ed como a muchos otros fotoblogers a trav\u00e9s de\u00a0los\u00a0<a href=\"http:\/\/www.photoblogawards.com\/\">Photoblogs<\/a> <a href=\"http:\/\/www.photoblogawards.com\/\">Awards<\/a> y lo primero que me llam\u00f3 la atenci\u00f3n fue su especialidad, que lo situaba en un nicho fotogr\u00e1fico poco habitual.<\/p>\n<p>Normalmente el que viaja por esos mundos, no se centra en el retrato, pareciendo m\u00e1s una disciplina de interior (en el estudio) que de la calle, pero en su trabajo podemos ver un excelente abanico de rostros representativos del lugar visitado y que reflejan sensaciones personales, en una especie de biopsia\u00a0social fotogr\u00e1fica. Cada fotograf\u00eda contiene una historia especial.<\/p>\n<p>La India es probablemente su destino favorito, pa\u00eds que ha visitado en varias ocasiones y donde ha realizado fotograf\u00edas de gran belleza y calidad.<\/p>\n<p>Se le nota el bagaje y la experiencia propias de un profesional, habiendo\u00a0experimentado con otras disciplinas como la <a href=\"http:\/\/emillamolafoto.blogspot.com\/\">fotograf\u00eda de bodas<\/a> y la fotograf\u00eda social. Su fotoblog es una joya, donde no te deja indiferente cada nuevo retrato que a\u00f1ade.<\/p>\n<p>En la actualidad se dedica a la docencia impartiendo cursos de fotograf\u00eda en varios centros c\u00edvicos de Barcelona, principalmente en el <a href=\"http:\/\/www.ccdrassanes.cat\/\">C.C. Drassanes<\/a>.\u00a0Es miembro de <a href=\"http:\/\/barcelona.photobloggers.org\/\">Barcelona Photobloggers<\/a> y una persona muy activa. No dej\u00e9is de visitar su <a href=\"http:\/\/www.emillamola.com\/\">fotoblog<\/a> y tambi\u00e9n esta\u00a0<a href=\"http:\/\/www.quesabesde.com\/noticias\/enric-mestres-con-texto-fotografico,1_4719\">entrevista<\/a> que le hicieron en <a href=\"http:\/\/www.quesabesde.com\/\">quesabesde.com<\/a>.<\/p>\n<p><em>Nota: La Fotograf\u00eda que ilustra esta entrada es propiedad de Enric Mestres, usada con permiso del autor.<\/em><\/p>\n","protected":false},"excerpt":{"rendered":"<p>A Enric Mestres Illamola y a su fotoblog\u00a0emillamola lo descubr\u00ed como a muchos otros fotoblogers a trav\u00e9s de\u00a0los\u00a0Photoblogs Awards y lo primero que me llam\u00f3 la atenci\u00f3n fue su especialidad, que lo situaba en un nicho fotogr\u00e1fico poco habitual. Normalmente &hellip; <a href=\"https:\/\/www.javierfalco.com\/blog\/fotoblogs-que-me-inspiran-iv\/\">Sigue leyendo <span class=\"meta-nav\">&rarr;<\/span><\/a><\/p>\n","protected":false},"author":4,"featured_media":0,"comment_status":"open","ping_status":"open","sticky":false,"template":"","format":"standard","meta":{"footnotes":""},"categories":[1],"tags":[58,56,26,59,60,57],"class_list":["post-643","post","type-post","status-publish","format-standard","hentry","category-general","tag-barcelona-photobloggers","tag-enric-mestres-illamola","tag-fotoblog","tag-india","tag-instituto-de-estudios-fotograficos-de-cataluna","tag-photoblogs-awards"],"_links":{"self":[{"href":"https:\/\/www.javierfalco.com\/blog\/wp-json\/wp\/v2\/posts\/643","targetHints":{"allow":["GET"]}}],"collection":[{"href":"https:\/\/www.javierfalco.com\/blog\/wp-json\/wp\/v2\/posts"}],"about":[{"href":"https:\/\/www.javierfalco.com\/blog\/wp-json\/wp\/v2\/types\/post"}],"author":[{"embeddable":true,"href":"https:\/\/www.javierfalco.com\/blog\/wp-json\/wp\/v2\/users\/4"}],"replies":[{"embeddable":true,"href":"https:\/\/www.javierfalco.com\/blog\/wp-json\/wp\/v2\/comments?post=643"}],"version-history":[{"count":19,"href":"https:\/\/www.javierfalco.com\/blog\/wp-json\/wp\/v2\/posts\/643\/revisions"}],"predecessor-version":[{"id":699,"href":"https:\/\/www.javierfalco.com\/blog\/wp-json\/wp\/v2\/posts\/643\/revisions\/699"}],"wp:attachment":[{"href":"https:\/\/www.javierfalco.com\/blog\/wp-json\/wp\/v2\/media?parent=643"}],"wp:term":[{"taxonomy":"category","embeddable":true,"href":"https:\/\/www.javierfalco.com\/blog\/wp-json\/wp\/v2\/categories?post=643"},{"taxonomy":"post_tag","embeddable":true,"href":"https:\/\/www.javierfalco.com\/blog\/wp-json\/wp\/v2\/tags?post=643"}],"curies":[{"name":"wp","href":"https:\/\/api.w.org\/{rel}","templated":true}]}}