{"id":857,"date":"2009-09-30T23:14:31","date_gmt":"2009-09-30T21:14:31","guid":{"rendered":"http:\/\/www.javierfalco.com\/blog\/?p=857"},"modified":"2009-09-30T23:14:31","modified_gmt":"2009-09-30T21:14:31","slug":"vivir-de-la-fotografia-en-el-siglo-xxi","status":"publish","type":"post","link":"https:\/\/www.javierfalco.com\/blog\/vivir-de-la-fotografia-en-el-siglo-xxi\/","title":{"rendered":"Vivir de la fotograf\u00eda en el siglo XXI"},"content":{"rendered":"<p style=\"text-align: left; \"><em>\u00abTodo el mundo se pone de los nervios cuando afirmo mi convicci\u00f3n que, con la fotograf\u00eda digital, cada vez hay m\u00e1s personas que toman fotos y cada vez hay menos fot\u00f3grafos\u201d.\u00a0<span style=\"font-style: normal;\">Jean Fran\u00e7ois Leroy<\/span><\/em><\/p>\n<p style=\"text-align: center;\">\n<p style=\"text-align: center;\">\n<p style=\"text-align: left; \"><img loading=\"lazy\" decoding=\"async\" class=\"size-full wp-image-870 alignnone colorbox-857\" title=\"noticia\" src=\"https:\/\/www.javierfalco.com\/blog\/wp-content\/uploads\/2009\/09\/noticia.jpg\" alt=\"noticia\" width=\"360\" height=\"192\" srcset=\"https:\/\/www.javierfalco.com\/blog\/wp-content\/uploads\/2009\/09\/noticia.jpg 600w, https:\/\/www.javierfalco.com\/blog\/wp-content\/uploads\/2009\/09\/noticia-300x160.jpg 300w\" sizes=\"auto, (max-width: 360px) 100vw, 360px\" \/><\/p>\n<p style=\"text-align: left; \"><em><span style=\"font-style: normal;\">\u00bfTe has planteado alguna vez vivir de la fotograf\u00eda?&#8230;si es as\u00ed, quiz\u00e1 te interese un taller que organiza la Fundaci\u00f3 Universit\u00e0ria Mart\u00ed l\u2019Hum\u00e0 y la Generalitat de Catalunya sobre como vivir de la fotograf\u00eda en el siglo XXI. Este taller se celebrar\u00e1 el\u00a031\u00a0de octubre y 1 de noviembre en la garriga (Barcelona). Tiene buena pinta. M\u00e1s informaci\u00f3n <a href=\"http:\/\/rumboperdido.com\/archives\/688\">aqu\u00ed<\/a><\/span><\/em><\/p>\n<p class=\"alignleft\" style=\"text-align: left; \">\n<p style=\"text-align: left; \">\n<p style=\"text-align: left; \">\n<p style=\"text-align: left; \">\n<p style=\"text-align: left; \">\n<p style=\"text-align: left; \">\n<p style=\"text-align: left; \">\n<p style=\"text-align: left; \"><span style=\"font-size: xx-small;\"><span style=\"font-size: small;\"><span><em><br \/>\n<\/em><\/span><\/span><\/span><\/p>\n","protected":false},"excerpt":{"rendered":"<p>\u00abTodo el mundo se pone de los nervios cuando afirmo mi convicci\u00f3n que, con la fotograf\u00eda digital, cada vez hay m\u00e1s personas que toman fotos y cada vez hay menos fot\u00f3grafos\u201d.\u00a0Jean Fran\u00e7ois Leroy \u00bfTe has planteado alguna vez vivir de &hellip; <a href=\"https:\/\/www.javierfalco.com\/blog\/vivir-de-la-fotografia-en-el-siglo-xxi\/\">Sigue leyendo <span class=\"meta-nav\">&rarr;<\/span><\/a><\/p>\n","protected":false},"author":4,"featured_media":0,"comment_status":"open","ping_status":"open","sticky":false,"template":"","format":"standard","meta":{"footnotes":""},"categories":[1,83],"tags":[84,85],"class_list":["post-857","post","type-post","status-publish","format-standard","hentry","category-general","category-noticias","tag-taller","tag-vivir-de-la-fotografia"],"_links":{"self":[{"href":"https:\/\/www.javierfalco.com\/blog\/wp-json\/wp\/v2\/posts\/857","targetHints":{"allow":["GET"]}}],"collection":[{"href":"https:\/\/www.javierfalco.com\/blog\/wp-json\/wp\/v2\/posts"}],"about":[{"href":"https:\/\/www.javierfalco.com\/blog\/wp-json\/wp\/v2\/types\/post"}],"author":[{"embeddable":true,"href":"https:\/\/www.javierfalco.com\/blog\/wp-json\/wp\/v2\/users\/4"}],"replies":[{"embeddable":true,"href":"https:\/\/www.javierfalco.com\/blog\/wp-json\/wp\/v2\/comments?post=857"}],"version-history":[{"count":14,"href":"https:\/\/www.javierfalco.com\/blog\/wp-json\/wp\/v2\/posts\/857\/revisions"}],"predecessor-version":[{"id":874,"href":"https:\/\/www.javierfalco.com\/blog\/wp-json\/wp\/v2\/posts\/857\/revisions\/874"}],"wp:attachment":[{"href":"https:\/\/www.javierfalco.com\/blog\/wp-json\/wp\/v2\/media?parent=857"}],"wp:term":[{"taxonomy":"category","embeddable":true,"href":"https:\/\/www.javierfalco.com\/blog\/wp-json\/wp\/v2\/categories?post=857"},{"taxonomy":"post_tag","embeddable":true,"href":"https:\/\/www.javierfalco.com\/blog\/wp-json\/wp\/v2\/tags?post=857"}],"curies":[{"name":"wp","href":"https:\/\/api.w.org\/{rel}","templated":true}]}}