{"id":875,"date":"2009-10-01T23:09:15","date_gmt":"2009-10-01T21:09:15","guid":{"rendered":"http:\/\/www.javierfalco.com\/blog\/?p=875"},"modified":"2009-10-01T23:09:15","modified_gmt":"2009-10-01T21:09:15","slug":"pensando-en-cambiar-de-cuerpo-de-camara-de-fotos-claro-esta","status":"publish","type":"post","link":"https:\/\/www.javierfalco.com\/blog\/pensando-en-cambiar-de-cuerpo-de-camara-de-fotos-claro-esta\/","title":{"rendered":"Pensando en cambiar de cuerpo (de c\u00e1mara de fotos, claro est\u00e1&#8230;)."},"content":{"rendered":"<p><img loading=\"lazy\" decoding=\"async\" class=\"alignleft size-full wp-image-614 colorbox-875\" title=\"P1040844\" src=\"https:\/\/www.javierfalco.com\/blog\/wp-content\/uploads\/2009\/07\/P1040844.jpg\" alt=\"P1040844\" width=\"267\" height=\"200\" \/>Pronto har\u00e1 dos a\u00f1os que compr\u00e9 mi c\u00e1mara y he de decir que ha estado a la altura de mis expectativas en cuanto a resultados, pero no en lo referente a la comodidad de uso. Trabajar con sensores APS-C tiene sus ventajas e inconvenientes.<\/p>\n<p>Por un lado reduces el peso y el tama\u00f1o, pero por otro tu visi\u00f3n de las cosas se reduce significativamente. Adem\u00e1s, esto se acent\u00faa cuando el usuario, como es mi caso, lleva gafas. Yo echo mucho de menos ver el mundo por el visor de mi antigua r\u00e9flex anal\u00f3gica y actualmente a no ser que uses un c\u00e1mara con sensor full frame no parece posible volver a sentir lo mismo. Me estoy refiriendo a placer de hacer la foto sobre todo a la hora de componerla.<\/p>\n<p>Por otro lado, los sensores full frame eliminan mejor el ruido en las fotograf\u00edas a altas sensibilidades y en general mejoran los resultados. Los usuarios de Canon, lo tenemos m\u00e1s o menos bien y se puede conseguir un cuerpo por poco m\u00e1s de 1200 \u20ac. Esto conlleva no s\u00f3lo un aumento de peso, sino que paralelamente supone un cambio objetivos (alguno se salva), por lo que la inversi\u00f3n aumenta.<\/p>\n<p>\u00bfQu\u00e9 opin\u00e1is?, \u00bfCre\u00e9is que vale la pena dar este salto?, La verdad es que Canon sigue sacando c\u00e1maras en formato APS-C de altas prestaciones e incluso m\u00e1s caras que la 5D (la m\u00e1s b\u00e1sica de las full frame de Canon). \u00bfCre\u00e9is que el mercado acabar\u00e1 abandonando las APS-C en favor de las full frame cuando el coste de fabricaci\u00f3n de ambos sensores sea similar o prev\u00e9is larga vida al APS-C?.<\/p>\n<div id=\"_mcePaste\" style=\"position: absolute; left: -10000px; top: 0px; width: 1px; height: 1px; overflow-x: hidden; overflow-y: hidden;\">Pensando en cambiar de cuerpo (de c\u00e1mara de fotos, claro est\u00e1&#8230;).<\/div>\n<div id=\"_mcePaste\" style=\"position: absolute; left: -10000px; top: 0px; width: 1px; height: 1px; overflow-x: hidden; overflow-y: hidden;\">Pronto har\u00e1 dos a\u00f1os que compr\u00e9 mi c\u00e1mara y he de decir que ha estado a la altura de mis expectativas en cuanto a resultados, pero no en lo referente a la comodidad de uso. Trabajar con sensores APS-C tiene sus ventajas e inconvenientes. Por un lado reduces el peso y el tama\u00f1o, pero por otro tu visi\u00f3n de las cosas se reduce significativamente. Adem\u00e1s esto se acentua cuando el usuario, como es mi caso, lleva gafas. Yo echo mucho de menos ver el mundo por el visor de mi antigua reflex anal\u00f3gica y actualmente a no ser que uses un c\u00e1mara con sensor full frame no parece posible volver a sentir lo mismo. Me estoy refiriendo a placer de hacer la foto sobre todo a la hora de componerla. Por otro lado, los sensores full frame eliminan mejor el ruido en la fotograf\u00edas a altas sensibilidades y en general mejoran los resultados. Los usuarios de Canon, lo tenemos m\u00e1s o menos bien y se puede conseguir un cuerpo por poco m\u00e1s de 1200 \u20ac. Esto conlleva no s\u00f3lo un aumento de peso, sino que paralelamente supone un cambio objetivos (alguno se salva), por lo que la inversion aumenta. \u00bfQu\u00e9 opin\u00e1is?, \u00bfCreeis que vale la pena dar este salto?, La verdad es que Canon sigue sacando c\u00e1maras en formato APS-C de altas prestaciones e incluso m\u00e1s caras que la 5D (la m\u00e1s b\u00e1sica de las full frame de Canon). \u00bfCreeis que el mercado acabar\u00e1 abandonando las APS-C en favor de las full frame cuando el coste de fabricaci\u00f3n de ambos sensores sea similar o prev\u00e9is larga vida al APPronto har\u00e1 dos a\u00f1os que compr\u00e9 mi c\u00e1mara y he de decir que ha estado a la altura de mis expectativas en cuanto a resultados, pero no en lo referente a la comodidad de uso. Trabajar con sensores APS-C tiene sus ventajas e inconvenientes. Por un lado reduces el peso y el tama\u00f1o, pero por otro tu visi\u00f3n de las cosas se reduce significativamente. Adem\u00e1s esto se acentua cuando el usuario, como es mi caso, lleva gafas. Yo echo mucho de menos ver el mundo por el visor de mi antigua reflex anal\u00f3gica y actualmente a no ser que uses un c\u00e1mara con sensor full frame no parece posible volver a sentir lo mismo. Me estoy refiriendo a placer de hacer la foto sobre todo a la hora de componerla. Por otro lado, los sensores full frame eliminan mejor el ruido en la fotograf\u00edas a altas sensibilidades y en general mejoran los resultados. Los usuarios de Canon, lo tenemos m\u00e1s o menos bien y se puede conseguir un cuerpo por poco m\u00e1s de 1200 \u20ac. Esto conlleva no s\u00f3lo un aumento de peso, sino que paralelamente supone un cambio objetivos (alguno se salva), por lo que la inversion aumenta. \u00bfQu\u00e9 opin\u00e1is?, \u00bfCreeis que vale la pena dar este salto?, La verdad es que Canon sigue sacando c\u00e1maras en formato APS-C de altas prestaciones e incluso m\u00e1s caras que la 5D (la m\u00e1s b\u00e1sica de las full frame de Canon). \u00bfCreeis que el mercado acabar\u00e1 abandonando las APS-C en favor de las full frame cuando el coste de fabricaci\u00f3n de ambos sensores sea similar o prev\u00e9is larga vida al APS-C?.<\/div>\n","protected":false},"excerpt":{"rendered":"<p>Pronto har\u00e1 dos a\u00f1os que compr\u00e9 mi c\u00e1mara y he de decir que ha estado a la altura de mis expectativas en cuanto a resultados, pero no en lo referente a la comodidad de uso. Trabajar con sensores APS-C tiene &hellip; <a href=\"https:\/\/www.javierfalco.com\/blog\/pensando-en-cambiar-de-cuerpo-de-camara-de-fotos-claro-esta\/\">Sigue leyendo <span class=\"meta-nav\">&rarr;<\/span><\/a><\/p>\n","protected":false},"author":4,"featured_media":0,"comment_status":"open","ping_status":"open","sticky":false,"template":"","format":"standard","meta":{"footnotes":""},"categories":[24,1],"tags":[88,86,51,87],"class_list":["post-875","post","type-post","status-publish","format-standard","hentry","category-camaras-y-objetivos","category-general","tag-5d","tag-aps-c","tag-canon","tag-full-frame"],"_links":{"self":[{"href":"https:\/\/www.javierfalco.com\/blog\/wp-json\/wp\/v2\/posts\/875","targetHints":{"allow":["GET"]}}],"collection":[{"href":"https:\/\/www.javierfalco.com\/blog\/wp-json\/wp\/v2\/posts"}],"about":[{"href":"https:\/\/www.javierfalco.com\/blog\/wp-json\/wp\/v2\/types\/post"}],"author":[{"embeddable":true,"href":"https:\/\/www.javierfalco.com\/blog\/wp-json\/wp\/v2\/users\/4"}],"replies":[{"embeddable":true,"href":"https:\/\/www.javierfalco.com\/blog\/wp-json\/wp\/v2\/comments?post=875"}],"version-history":[{"count":5,"href":"https:\/\/www.javierfalco.com\/blog\/wp-json\/wp\/v2\/posts\/875\/revisions"}],"predecessor-version":[{"id":880,"href":"https:\/\/www.javierfalco.com\/blog\/wp-json\/wp\/v2\/posts\/875\/revisions\/880"}],"wp:attachment":[{"href":"https:\/\/www.javierfalco.com\/blog\/wp-json\/wp\/v2\/media?parent=875"}],"wp:term":[{"taxonomy":"category","embeddable":true,"href":"https:\/\/www.javierfalco.com\/blog\/wp-json\/wp\/v2\/categories?post=875"},{"taxonomy":"post_tag","embeddable":true,"href":"https:\/\/www.javierfalco.com\/blog\/wp-json\/wp\/v2\/tags?post=875"}],"curies":[{"name":"wp","href":"https:\/\/api.w.org\/{rel}","templated":true}]}}