{"id":881,"date":"2009-10-09T08:04:08","date_gmt":"2009-10-09T06:04:08","guid":{"rendered":"http:\/\/www.javierfalco.com\/blog\/?p=881"},"modified":"2011-01-27T16:40:48","modified_gmt":"2011-01-27T15:40:48","slug":"fotoblog-que-me-inspiran-vi","status":"publish","type":"post","link":"https:\/\/www.javierfalco.com\/blog\/fotoblog-que-me-inspiran-vi\/","title":{"rendered":"Fotoblogs que me inspiran VI"},"content":{"rendered":"<div id=\"_mcePaste\" style=\"position: absolute; left: -10000px; top: 0px; width: 1px; height: 1px; overflow-x: hidden; overflow-y: hidden;\">Pretendiendo poner de relieve el trabajo de un fotobloger que preste especial atenci\u00f3n a la fotograf\u00eda social y<\/div>\n<div id=\"_mcePaste\" style=\"position: absolute; left: -10000px; top: 0px; width: 1px; height: 1px; overflow-x: hidden; overflow-y: hidden;\">art\u00edstica, he descubierto por recomendaci\u00f3n de una amigo (no s\u00e9 como no lo hab\u00eda descubierto antes), el<\/div>\n<div id=\"_mcePaste\" style=\"position: absolute; left: -10000px; top: 0px; width: 1px; height: 1px; overflow-x: hidden; overflow-y: hidden;\">fotoblog de Marcelo Aurelio (Nocturama). Nada m\u00e1s ver su trabajo me ha cautivado el gran talento que se<\/div>\n<div id=\"_mcePaste\" style=\"position: absolute; left: -10000px; top: 0px; width: 1px; height: 1px; overflow-x: hidden; overflow-y: hidden;\">puede apreciar en sus fotograf\u00edas.<\/div>\n<div id=\"_mcePaste\" style=\"position: absolute; left: -10000px; top: 0px; width: 1px; height: 1px; overflow-x: hidden; overflow-y: hidden;\">Marcelo se autodefine como \u00abartista visual\u00bb y que seg\u00fan mi criterio, creo que le adjetiva perfectamente, pues<\/div>\n<div id=\"_mcePaste\" style=\"position: absolute; left: -10000px; top: 0px; width: 1px; height: 1px; overflow-x: hidden; overflow-y: hidden;\">de sus fotograf\u00edas se desprende que tiene la capacidad de hacer arte a trav\u00e9s de cualquier medio de expresi\u00f3n.,<\/div>\n<div id=\"_mcePaste\" style=\"position: absolute; left: -10000px; top: 0px; width: 1px; height: 1px; overflow-x: hidden; overflow-y: hidden;\">no s\u00f3lo de la fotograf\u00eda.<\/div>\n<div id=\"_mcePaste\" style=\"position: absolute; left: -10000px; top: 0px; width: 1px; height: 1px; overflow-x: hidden; overflow-y: hidden;\">Ha trabajado con la pintura, la joyer\u00eda y otra expresiones art\u00edsticas, fruto de su inquietud y de su necesidad de<\/div>\n<div id=\"_mcePaste\" style=\"position: absolute; left: -10000px; top: 0px; width: 1px; height: 1px; overflow-x: hidden; overflow-y: hidden;\">canalizar sus conocimientos derivados de sus estudios de bellas artes. Con un especial ojo para la fotograf\u00eda<\/div>\n<div id=\"_mcePaste\" style=\"position: absolute; left: -10000px; top: 0px; width: 1px; height: 1px; overflow-x: hidden; overflow-y: hidden;\">social, capta im\u00e1genes de su entorno con especial maestr\u00eda. \u00a0Nocturama nace en julio de 2004, justo un a\u00f1o<\/div>\n<div id=\"_mcePaste\" style=\"position: absolute; left: -10000px; top: 0px; width: 1px; height: 1px; overflow-x: hidden; overflow-y: hidden;\">despu\u00e9s de que aterrizara en Terrassa (Barcelona) procedente de Buenos Aires de donde es natural y hasta la<\/div>\n<div id=\"_mcePaste\" style=\"position: absolute; left: -10000px; top: 0px; width: 1px; height: 1px; overflow-x: hidden; overflow-y: hidden;\">fecha no parado de alimentar su fotoblog. Persona especialmente activa, es miembro e impulsor de Barcelona<\/div>\n<div id=\"_mcePaste\" style=\"position: absolute; left: -10000px; top: 0px; width: 1px; height: 1px; overflow-x: hidden; overflow-y: hidden;\">Photobloggers que sin duda es una plataforma referente en Espa\u00f1a y fuera de ella por su actividad y calidad de<\/div>\n<div id=\"_mcePaste\" style=\"position: absolute; left: -10000px; top: 0px; width: 1px; height: 1px; overflow-x: hidden; overflow-y: hidden;\">sus integrantes.<\/div>\n<div id=\"_mcePaste\" style=\"position: absolute; left: -10000px; top: 0px; width: 1px; height: 1px; overflow-x: hidden; overflow-y: hidden;\">Probablemente ya lo conocer\u00e9is, pero no puedo dejar de recomendarlo, por si alguien como yo, se le hubiera<\/div>\n<div id=\"_mcePaste\" style=\"position: absolute; left: -10000px; top: 0px; width: 1px; height: 1px; overflow-x: hidden; overflow-y: hidden;\">pasado.<\/div>\n<p><img loading=\"lazy\" decoding=\"async\" class=\"alignleft size-medium wp-image-883 colorbox-881\" title=\"Fotografia de Marcelo Aurelio\" src=\"https:\/\/www.javierfalco.com\/blog\/wp-content\/uploads\/2009\/10\/marcelo-300x200.jpg\" alt=\"Fotografia de Marcelo Aurelio\" width=\"300\" height=\"200\" srcset=\"https:\/\/www.javierfalco.com\/blog\/wp-content\/uploads\/2009\/10\/marcelo-300x200.jpg 300w, https:\/\/www.javierfalco.com\/blog\/wp-content\/uploads\/2009\/10\/marcelo.jpg 796w\" sizes=\"auto, (max-width: 300px) 100vw, 300px\" \/>Pretendiendo poner de relieve el trabajo de un fotobloger que preste especial atenci\u00f3n a la fotograf\u00eda social y\u00a0art\u00edstica, he descubierto por recomendaci\u00f3n de un <a href=\"http:\/\/www.cazurro.com\/\">amigo<\/a> (no s\u00e9 como no lo hab\u00eda descubierto antes), el\u00a0fotoblog de Marcelo Aurelio (<a href=\"http:\/\/www.arte-redes.com\/nocturama\/\">Nocturama<\/a>). Nada m\u00e1s ver su trabajo, me ha cautivado el gran talento que se\u00a0puede apreciar en sus fotograf\u00edas.<\/p>\n<p>Marcelo se autodefine como \u00abartista visual\u00bb y \u00a0seg\u00fan mi criterio, creo que le adjetiva perfectamente, pues\u00a0de sus fotograf\u00edas se desprende que tiene la capacidad de expresarse a trav\u00e9s de cualquier disciplina art\u00edstica,\u00a0no s\u00f3lo de la fotograf\u00eda.<\/p>\n<p>Ha trabajado con la pintura, la joyer\u00eda y otra expresiones art\u00edsticas, fruto de su inquietud y de su necesidad de\u00a0canalizar sus conocimientos derivados de sus estudios de bellas artes. Con un especial ojo para la fotograf\u00eda\u00a0social, capta im\u00e1genes de su entorno con especial maestr\u00eda. \u00a0<a href=\"http:\/\/www.arte-redes.com\/nocturama\/\">Nocturama<\/a> nace en julio de 2004, justo un a\u00f1o\u00a0despu\u00e9s de que aterrizara en Terrassa (Barcelona), procedente de Buenos Aires de donde es natural y hasta la\u00a0fecha no ha parado de alimentar su fotoblog. Persona especialmente activa, es miembro e impulsor de\u00a0<a href=\"http:\/\/barcelonaphotobloggers.org\/\">Barcelona\u00a0Photobloggers<\/a>, que sin duda es una plataforma fotoblogera referente en Espa\u00f1a por su gran actividad y calidad de las fotograf\u00edas de\u00a0sus integrantes.<\/p>\n<p>Probablemente ya lo conocer\u00e9is, pero no puedo dejar de recomendarlo, por si alguien como yo, se le hubiera\u00a0pasado.<\/p>\n<p><em>Nota: La Fotograf\u00eda que ilustra esta entrada es un autorretrato de Marcelo y se usa con<\/em><em> su permiso.<\/em><\/p>\n","protected":false},"excerpt":{"rendered":"<p>Pretendiendo poner de relieve el trabajo de un fotobloger que preste especial atenci\u00f3n a la fotograf\u00eda social y art\u00edstica, he descubierto por recomendaci\u00f3n de una amigo (no s\u00e9 como no lo hab\u00eda descubierto antes), el fotoblog de Marcelo Aurelio (Nocturama). &hellip; <a href=\"https:\/\/www.javierfalco.com\/blog\/fotoblog-que-me-inspiran-vi\/\">Sigue leyendo <span class=\"meta-nav\">&rarr;<\/span><\/a><\/p>\n","protected":false},"author":4,"featured_media":0,"comment_status":"open","ping_status":"open","sticky":false,"template":"","format":"standard","meta":{"footnotes":""},"categories":[1],"tags":[58,26,89,90],"class_list":["post-881","post","type-post","status-publish","format-standard","hentry","category-general","tag-barcelona-photobloggers","tag-fotoblog","tag-marcelo","tag-nocturama"],"_links":{"self":[{"href":"https:\/\/www.javierfalco.com\/blog\/wp-json\/wp\/v2\/posts\/881","targetHints":{"allow":["GET"]}}],"collection":[{"href":"https:\/\/www.javierfalco.com\/blog\/wp-json\/wp\/v2\/posts"}],"about":[{"href":"https:\/\/www.javierfalco.com\/blog\/wp-json\/wp\/v2\/types\/post"}],"author":[{"embeddable":true,"href":"https:\/\/www.javierfalco.com\/blog\/wp-json\/wp\/v2\/users\/4"}],"replies":[{"embeddable":true,"href":"https:\/\/www.javierfalco.com\/blog\/wp-json\/wp\/v2\/comments?post=881"}],"version-history":[{"count":16,"href":"https:\/\/www.javierfalco.com\/blog\/wp-json\/wp\/v2\/posts\/881\/revisions"}],"predecessor-version":[{"id":894,"href":"https:\/\/www.javierfalco.com\/blog\/wp-json\/wp\/v2\/posts\/881\/revisions\/894"}],"wp:attachment":[{"href":"https:\/\/www.javierfalco.com\/blog\/wp-json\/wp\/v2\/media?parent=881"}],"wp:term":[{"taxonomy":"category","embeddable":true,"href":"https:\/\/www.javierfalco.com\/blog\/wp-json\/wp\/v2\/categories?post=881"},{"taxonomy":"post_tag","embeddable":true,"href":"https:\/\/www.javierfalco.com\/blog\/wp-json\/wp\/v2\/tags?post=881"}],"curies":[{"name":"wp","href":"https:\/\/api.w.org\/{rel}","templated":true}]}}