{"id":897,"date":"2009-10-08T14:10:36","date_gmt":"2009-10-08T12:10:36","guid":{"rendered":"http:\/\/www.javierfalco.com\/blog\/?p=897"},"modified":"2009-10-08T16:12:06","modified_gmt":"2009-10-08T14:12:06","slug":"curso-de-lightoom","status":"publish","type":"post","link":"https:\/\/www.javierfalco.com\/blog\/curso-de-lightoom\/","title":{"rendered":"Curso de Lightroom"},"content":{"rendered":"<div id=\"_mcePaste\" style=\"position: absolute; left: -10000px; top: 0px; width: 1px; height: 1px; overflow-x: hidden; overflow-y: hidden;\"><img loading=\"lazy\" decoding=\"async\" class=\"alignleft size-full wp-image-899 colorbox-897\" title=\"logo_lr2\" src=\"https:\/\/www.javierfalco.com\/blog\/wp-content\/uploads\/2009\/10\/logo_lr2.jpg\" alt=\"logo_lr2\" width=\"99\" height=\"99\" srcset=\"https:\/\/www.javierfalco.com\/blog\/wp-content\/uploads\/2009\/10\/logo_lr2.jpg 99w, https:\/\/www.javierfalco.com\/blog\/wp-content\/uploads\/2009\/10\/logo_lr2-48x48.jpg 48w\" sizes=\"auto, (max-width: 99px) 100vw, 99px\" \/>Como la mayor\u00eda de los mortales a los que nos gusta la fotograf\u00eda, tenemos una componente autodidacta bastante pronunciada y solemos<\/div>\n<div id=\"_mcePaste\" style=\"position: absolute; left: -10000px; top: 0px; width: 1px; height: 1px; overflow-x: hidden; overflow-y: hidden;\">autoformarnos en la mayor\u00eda de los temas relacionados con esta enriquecedora disciplina.<\/div>\n<div id=\"_mcePaste\" style=\"position: absolute; left: -10000px; top: 0px; width: 1px; height: 1px; overflow-x: hidden; overflow-y: hidden;\">Aunque soy usuario de Apple, prefiero el Lightroom al Aperture como programa de procesado y organizaci\u00f3n de mis fotograf\u00edas. Lightroom hoy<\/div>\n<div id=\"_mcePaste\" style=\"position: absolute; left: -10000px; top: 0px; width: 1px; height: 1px; overflow-x: hidden; overflow-y: hidden;\">por hoy es m\u00e1s com\u00fan y popular que su hom\u00f3logo Aperture y eso permite mayor intercambio de opiniones y experiencias con otros usuarios. Adem\u00e1s Aperture sigue estado en ingl\u00e9s y aunque eso no sea un obst\u00e1culo, no deja de agobiar un poco. Lightroom lo manejo de una forma m\u00e1s o menos b\u00e1sica y la verdad es que siempre he pensado que seguramente lo infrautilizo. Seguramente habr\u00e9 adquirido vicios o aplique conceptos no del todos correctos a la hora de usarlo, por lo que hace tiempo que me venia rondando por la cabeza la idea de asistir alg\u00fan curso de formaci\u00f3n que complementara mis conocimientos y as\u00ed poder mejorar mis resultados. Recientemente me he enterado de la celebraci\u00f3n de uno de estos cursos y me he decido a participar, por lo cual ya he inscrito. Espero sacar algo positivo de esta iniciativa &#8230;desde luego ilusi\u00f3n. no me falta. Ya os contar\u00e9.<\/div>\n<div><img loading=\"lazy\" decoding=\"async\" class=\"alignleft size-full wp-image-906 colorbox-897\" title=\"logolr\" src=\"https:\/\/www.javierfalco.com\/blog\/wp-content\/uploads\/2009\/10\/logolr.png\" alt=\"logolr\" width=\"113\" height=\"113\" srcset=\"https:\/\/www.javierfalco.com\/blog\/wp-content\/uploads\/2009\/10\/logolr.png 113w, https:\/\/www.javierfalco.com\/blog\/wp-content\/uploads\/2009\/10\/logolr-48x48.png 48w\" sizes=\"auto, (max-width: 113px) 100vw, 113px\" \/>Como la mayor\u00eda de los mortales a los que nos gusta la fotograf\u00eda, tenemos una componente autodidacta bastante pronunciada y solemos autoformarnos en la mayor\u00eda de los temas relacionados con esta enriquecedora disciplina.<\/div>\n<div>Aunque soy usuario de <a href=\"http:\/\/www.apple.com\/es\/\">Apple<\/a>, prefiero el <a href=\"http:\/\/www.adobe.com\/es\/products\/photoshoplightroom\/\">Lightroom<\/a> al <a href=\"http:\/\/www.apple.com\/es\/aperture\/\">Aperture<\/a> como programa de procesado y organizaci\u00f3n de mis fotograf\u00edas. Lightroom es hoy por hoy, m\u00e1s com\u00fan y popular que su hom\u00f3logo Aperture y eso permite un mayor intercambio de opiniones y experiencias con otros usuarios. Adem\u00e1s, Aperture sigue estando en ingl\u00e9s y aunque eso no sea un obst\u00e1culo para su manejo, no deja de agobiar un poco.<\/div>\n<div>Uso Lightroom de una forma m\u00e1s o menos b\u00e1sica y la verdad es que siempre he pensado que seguramente lo infrautilizo o aplico conceptos no del todo correctos a la hora de usarlo, por lo que hace tiempo que me ven\u00eda rondando por la cabeza, la idea de asistir alg\u00fan curso de formaci\u00f3n que complementara mis conocimientos y as\u00ed poder mejorar mis resultados. Otro de los motivos, es poder cambiar impresiones, preguntar y poder despejar dudas.<\/div>\n<div>Hoy me he enterado de la celebraci\u00f3n de uno de estos <a href=\"http:\/\/lightroom.fotonatura.org\/2009\/10\/nuevo-curso-lightroom-en-alicante-7-8-noviembre\/\">cursos<\/a> y he decidido realizarlo. Ya estoy inscrito y espero sacar algo positivo de esta iniciativa de la que ilusi\u00f3n, no me falta. Ya os contar\u00e9&#8230;<\/div>\n","protected":false},"excerpt":{"rendered":"<p>Como la mayor\u00eda de los mortales a los que nos gusta la fotograf\u00eda, tenemos una componente autodidacta bastante pronunciada y solemos autoformarnos en la mayor\u00eda de los temas relacionados con esta enriquecedora disciplina. Aunque soy usuario de Apple, prefiero el &hellip; <a href=\"https:\/\/www.javierfalco.com\/blog\/curso-de-lightoom\/\">Sigue leyendo <span class=\"meta-nav\">&rarr;<\/span><\/a><\/p>\n","protected":false},"author":4,"featured_media":0,"comment_status":"open","ping_status":"open","sticky":false,"template":"","format":"standard","meta":{"footnotes":""},"categories":[91,1],"tags":[93,94,92],"class_list":["post-897","post","type-post","status-publish","format-standard","hentry","category-cursos","category-general","tag-aperture","tag-curso","tag-lightroom"],"_links":{"self":[{"href":"https:\/\/www.javierfalco.com\/blog\/wp-json\/wp\/v2\/posts\/897","targetHints":{"allow":["GET"]}}],"collection":[{"href":"https:\/\/www.javierfalco.com\/blog\/wp-json\/wp\/v2\/posts"}],"about":[{"href":"https:\/\/www.javierfalco.com\/blog\/wp-json\/wp\/v2\/types\/post"}],"author":[{"embeddable":true,"href":"https:\/\/www.javierfalco.com\/blog\/wp-json\/wp\/v2\/users\/4"}],"replies":[{"embeddable":true,"href":"https:\/\/www.javierfalco.com\/blog\/wp-json\/wp\/v2\/comments?post=897"}],"version-history":[{"count":19,"href":"https:\/\/www.javierfalco.com\/blog\/wp-json\/wp\/v2\/posts\/897\/revisions"}],"predecessor-version":[{"id":919,"href":"https:\/\/www.javierfalco.com\/blog\/wp-json\/wp\/v2\/posts\/897\/revisions\/919"}],"wp:attachment":[{"href":"https:\/\/www.javierfalco.com\/blog\/wp-json\/wp\/v2\/media?parent=897"}],"wp:term":[{"taxonomy":"category","embeddable":true,"href":"https:\/\/www.javierfalco.com\/blog\/wp-json\/wp\/v2\/categories?post=897"},{"taxonomy":"post_tag","embeddable":true,"href":"https:\/\/www.javierfalco.com\/blog\/wp-json\/wp\/v2\/tags?post=897"}],"curies":[{"name":"wp","href":"https:\/\/api.w.org\/{rel}","templated":true}]}}