{"id":926,"date":"2009-10-14T00:05:04","date_gmt":"2009-10-13T22:05:04","guid":{"rendered":"http:\/\/www.javierfalco.com\/blog\/?p=926"},"modified":"2011-02-21T09:05:07","modified_gmt":"2011-02-21T08:05:07","slug":"el-valle-de-bujaruelo-menos-mal-que-nos-queda-la-luz","status":"publish","type":"post","link":"https:\/\/www.javierfalco.com\/blog\/el-valle-de-bujaruelo-menos-mal-que-nos-queda-la-luz\/","title":{"rendered":"El valle de Bujaruelo. Menos mal que nos queda la luz&#8230;"},"content":{"rendered":"<div id=\"_mcePaste\" style=\"position: absolute; left: -10000px; top: 0px; width: 1px; height: 1px; overflow-x: hidden; overflow-y: hidden;\">Uno de los principales motivos por el cual me compr\u00e9 mi primera c\u00e1mara r\u00e9flex, fue mi primera visita a los Pirineos. En esa primera visita al valle de Ordesa, creo que fui embrujado por esa luz tan especial que se puede apreciar dentro de sus bosque y a partir de ah\u00ed, no me qued\u00f3 m\u00e1s remedio que tratar de constatarlo fotogr\u00e1ficamente. Y as\u00ed fue, ese mismo a\u00f1o me compr\u00e9 mi primera c\u00e1mara r\u00e9flex (una PRAKTICA BC1) y volv\u00ed en a\u00f1os sucesivos all\u00ed fascinado por aquella luz, cargado de carretes en blanco y negro que yo mismo me bobinaba y de diapositivas de todas clases. Mi primer contacto con el valle de Bujaruelo fue en el a\u00f1o 87 y marc\u00f3 en m\u00ed una sensaci\u00f3n muy intensa, de contacto con la naturaleza y sobre todo, de un factor que hoy es muy dif\u00edcil de experimentar. Me refiero a la soledad. Cuando descubr\u00ed este precioso valle s\u00f3lo encontr\u00e9 un refugio en mal estado y ni una sola tienda de campa\u00f1a. Al abrir aquella chirriante puerta de madera del refugio, s\u00f3lo dos solitarios monta\u00f1eros se encontraban en su interior tom\u00e1ndose algo caliente al lado de un hogar. Fue como llegar al principio del fin.<\/div>\n<div id=\"_mcePaste\" style=\"position: absolute; left: -10000px; top: 0px; width: 1px; height: 1px; overflow-x: hidden; overflow-y: hidden;\">En otras visitas tambi\u00e9n llegu\u00e9 a estar s\u00f3lo o como mucho y temporalmente con unas pocas tiendas de campa\u00f1a, generalmente de monta\u00f1eros que iban a subir alg\u00fan pico de los alrededores o a realizar una traves\u00eda. En el a\u00f1o 89 fui dos veces, una en marzo y otra en diciembre y tambi\u00e9n pude plantar la tienda en la m\u00e1s absoluta de las soledades. Desde esa fecha no hab\u00eda vuelto a ir a este magn\u00edfico valle.<\/div>\n<div id=\"_mcePaste\" style=\"position: absolute; left: -10000px; top: 0px; width: 1px; height: 1px; overflow-x: hidden; overflow-y: hidden;\">Aunque hab\u00eda o\u00eddo comentarios de lo cambiado de esa zona, no pod\u00eda imaginar que lo me encontr\u00e9 hace unos d\u00edas, cuando despu\u00e9s de m\u00e1s de 20 a\u00f1os regres\u00e9. Creo que hace 4 o 5 cinco a\u00f1os limitaron el acceso a la entrada del Parque Nacional, pudi\u00e9ndolo hacer s\u00f3lo en autobuses que salen de Torla y eso imagino que ha influido en el hecho de que Bujaruelo, haya incrementado sus visitas al no tener esa restricci\u00f3n. Cuando llegu\u00e9 a mi Bujaruelo querido, lo encontr\u00e9 colapsado por coches, tres campings activos, y un aparcamiento repleto de veh\u00edculos en el fondo del valle. En lugar de aquel refugio con solera que encontr\u00e9 en el pasado (hoy totalmente reformado) se levantaban dos estructuras m\u00e1s. Ya no se puede acampar sino es el el camping (osea pagando) y sobre todo y lo m\u00e1s impactante, fue la presencia de las nuevas tecnolog\u00edas. Paneles solares, parab\u00f3licas y hasta wifi tanto en el refugio como en el camping. No soy precisamente yo un enemigo de la nuevas tecnolog\u00edas&#8230;.sino todo lo contrario, pero no en ese contexto. Casi fue un shock y eso me hizo reflexionar \u00bfQu\u00e9 queda de aquella soledad que me embriagaba?.<\/div>\n<div id=\"_mcePaste\" style=\"position: absolute; left: -10000px; top: 0px; width: 1px; height: 1px; overflow-x: hidden; overflow-y: hidden;\">En la d\u00e9cada de los 80 cuatro \u00e9ramos los colgados que abog\u00e1bamos por la conservaci\u00f3n de la naturaleza, pero bien es sabido que aquello que no se conoce dif\u00edcilmente lo puedes defender y en ese sentido cuanto m\u00e1s gente lo conozca y lo disfrute (aunque sea a su manera) mejor. Eso conlleva que cada uno de nosotros tiene el mismo derecho a disfrutar de ese medio, pero cuando ese medio se satura puede llegar a perder su encanto. Espero que a la m<\/div>\n<div>\n<p>Uno de los principales motivos por el cual me compr\u00e9 mi primera c\u00e1mara r\u00e9flex, fue mi primera visita a los Pirineos. En esa primera visita al<a href=\"http:\/\/es.wikipedia.org\/wiki\/Valle_de_Ordesa\"> valle de Ordesa<\/a>, creo que fui embrujado por esa luz tan especial que se puede apreciar en el interior de sus bosques y a partir de ah\u00ed, no me qued\u00f3 m\u00e1s remedio que tratar de constatarlo.<\/p>\n<\/div>\n<div><img loading=\"lazy\" decoding=\"async\" class=\"alignnone size-full wp-image-942 colorbox-926\" title=\"_MG_3104\" src=\"https:\/\/www.javierfalco.com\/blog\/wp-content\/uploads\/2009\/10\/MG_3104.jpg\" alt=\"_MG_3104\" width=\"560\" height=\"373\" srcset=\"https:\/\/www.javierfalco.com\/blog\/wp-content\/uploads\/2009\/10\/MG_3104.jpg 800w, https:\/\/www.javierfalco.com\/blog\/wp-content\/uploads\/2009\/10\/MG_3104-300x199.jpg 300w\" sizes=\"auto, (max-width: 560px) 100vw, 560px\" \/><\/div>\n<div><img loading=\"lazy\" decoding=\"async\" class=\"alignnone size-full wp-image-949 colorbox-926\" title=\"_MG_3210\" src=\"https:\/\/www.javierfalco.com\/blog\/wp-content\/uploads\/2009\/10\/MG_3210.jpg\" alt=\"_MG_3210\" width=\"560\" height=\"373\" srcset=\"https:\/\/www.javierfalco.com\/blog\/wp-content\/uploads\/2009\/10\/MG_3210.jpg 800w, https:\/\/www.javierfalco.com\/blog\/wp-content\/uploads\/2009\/10\/MG_3210-300x199.jpg 300w\" sizes=\"auto, (max-width: 560px) 100vw, 560px\" \/><\/div>\n<div><img loading=\"lazy\" decoding=\"async\" class=\"alignnone size-full wp-image-953 colorbox-926\" title=\"_MG_3091\" src=\"https:\/\/www.javierfalco.com\/blog\/wp-content\/uploads\/2009\/10\/MG_3091.jpg\" alt=\"_MG_3091\" width=\"560\" height=\"372\" srcset=\"https:\/\/www.javierfalco.com\/blog\/wp-content\/uploads\/2009\/10\/MG_3091.jpg 800w, https:\/\/www.javierfalco.com\/blog\/wp-content\/uploads\/2009\/10\/MG_3091-300x199.jpg 300w\" sizes=\"auto, (max-width: 560px) 100vw, 560px\" \/><\/div>\n<div>\n<p>Y as\u00ed fue. Ese mismo a\u00f1o me compr\u00e9 mi primera c\u00e1mara r\u00e9flex (una<a href=\"http:\/\/www.praktica-collector.de\/221_Praktica_BC1.htm\"> PRAKTICA BC1<\/a>) y volv\u00ed all\u00ed en a\u00f1os sucesivos fascinado por aquella m\u00e1gica luz. Iba cargado de carretes\u00a0de diapositivas y de blanco y negro que yo mismo bobinaba, inspirado por el tambi\u00e9n reci\u00e9n descubierto\u00a0<a href=\"http:\/\/es.wikipedia.org\/wiki\/Ansel_Adams\">Ansel Adams<\/a>.<\/p>\n<p>Mi primer contacto con el <a href=\"http:\/\/es.wikipedia.org\/wiki\/Bujaruelo\">valle de Bujaruelo<\/a> fue en el a\u00f1o 87 y marc\u00f3 en m\u00ed una sensaci\u00f3n muy intensa de contacto con la naturaleza y sobre todo, de un aspecto que hoy es muy dif\u00edcil de experimentar. Me refiero a la soledad. Cuando descubr\u00ed junto a unos amigos este precioso valle s\u00f3lo encontramos un refugio en mal estado y ni una sola tienda de campa\u00f1a. Al abrir aquella chirriante e intrigante puerta de madera del refugio, s\u00f3lo dos solitarios monta\u00f1eros se encontraban en su interior tom\u00e1ndose algo caliente al lado de un hogar que ard\u00eda con vehemencia. Fue como llegar al principio del fin.<\/p>\n<\/div>\n<div><img loading=\"lazy\" decoding=\"async\" class=\"alignnone size-full wp-image-928 colorbox-926\" title=\"refugio\" src=\"https:\/\/www.javierfalco.com\/blog\/wp-content\/uploads\/2009\/10\/refugio.jpg\" alt=\"refugio\" width=\"560\" height=\"365\" srcset=\"https:\/\/www.javierfalco.com\/blog\/wp-content\/uploads\/2009\/10\/refugio.jpg 800w, https:\/\/www.javierfalco.com\/blog\/wp-content\/uploads\/2009\/10\/refugio-300x195.jpg 300w\" sizes=\"auto, (max-width: 560px) 100vw, 560px\" \/><\/div>\n<div>\n<p>En otras visitas tambi\u00e9n llegamos a estar solos o como mucho y temporalmente con unas pocas tiendas de campa\u00f1a que generalmente eran de monta\u00f1eros que iban a subir alg\u00fan pico de los alrededores o a realizar alguna traves\u00eda. En el a\u00f1o 89 fui dos veces, una en marzo y otra en diciembre y tambi\u00e9n pudimos plantar la tienda en la m\u00e1s absoluta de las soledades. Desde esa fecha no hab\u00eda vuelto a ir a este magn\u00edfico valle.<\/p>\n<p>Aunque hab\u00eda o\u00eddo comentarios de lo cambiado de esa zona, no pod\u00eda imaginar que lo me encontr\u00e9 hace unos d\u00edas, cuando despu\u00e9s de m\u00e1s de 20 a\u00f1os regres\u00e9. Creo que hace 4 o 5 cinco a\u00f1os limitaron el acceso a la entrada del <a href=\"http:\/\/es.wikipedia.org\/wiki\/Parque_Nacional_de_Ordesa_y_Monte_Perdido\">Parque Nacional<\/a>, pudi\u00e9ndolo hacer s\u00f3lo en autobuses que salen desde\u00a0<a href=\"http:\/\/es.wikipedia.org\/wiki\/Torla\">Torla<\/a> y eso imagino que eso ha influido en el hecho de que Bujaruelo, haya incrementado sus visitas al no tener esa restricci\u00f3n. Cuando llegu\u00e9 a mi Bujaruelo querido, lo encontr\u00e9 colapsado por coches, dos campings activos, un mes\u00f3n y\u00a0el fondo del valle\u00a0repleto de veh\u00edculos. En lugar de aquel refugio con personalidad que encontr\u00e9 en el pasado (hoy totalmente reformado) se levantaban dos estructuras m\u00e1s. Ya no se puede acampar sino es en el camping (osea pagando) y sobre todo y lo m\u00e1s impactante, fue la presencia de las nuevas tecnolog\u00edas. Por supuesto la vieja emisora de radio, ha cedido el paso al tel\u00e9fono fijo al que actualmente puedes llamar. Paneles solares, parab\u00f3licas y hasta wifi tanto en el refugio como en el camping, son otras muestras m\u00e1s del progreso. No soy precisamente yo un enemigo de la nuevas tecnolog\u00edas&#8230;.m\u00e1s bien todo lo contrario, pero no en ese contexto. Fue tan impactante que me hizo reflexionar \u00bfQu\u00e9 queda de aquella soledad que me embriagaba y de ese contacto con la naturaleza tan \u00edntimo, tan cercano, tan genuino?<\/p>\n<\/div>\n<div><img loading=\"lazy\" decoding=\"async\" class=\"alignnone size-full wp-image-947 colorbox-926\" title=\"_MG_3095\" src=\"https:\/\/www.javierfalco.com\/blog\/wp-content\/uploads\/2009\/10\/MG_3095.jpg\" alt=\"_MG_3095\" width=\"560\" height=\"373\" srcset=\"https:\/\/www.javierfalco.com\/blog\/wp-content\/uploads\/2009\/10\/MG_3095.jpg 800w, https:\/\/www.javierfalco.com\/blog\/wp-content\/uploads\/2009\/10\/MG_3095-300x199.jpg 300w\" sizes=\"auto, (max-width: 560px) 100vw, 560px\" \/><\/div>\n<div><img loading=\"lazy\" decoding=\"async\" class=\"alignnone size-full wp-image-946 colorbox-926\" title=\"_MG_3151\" src=\"https:\/\/www.javierfalco.com\/blog\/wp-content\/uploads\/2009\/10\/MG_3151.jpg\" alt=\"_MG_3151\" width=\"560\" height=\"373\" srcset=\"https:\/\/www.javierfalco.com\/blog\/wp-content\/uploads\/2009\/10\/MG_3151.jpg 800w, https:\/\/www.javierfalco.com\/blog\/wp-content\/uploads\/2009\/10\/MG_3151-300x199.jpg 300w\" sizes=\"auto, (max-width: 560px) 100vw, 560px\" \/><\/div>\n<div><img loading=\"lazy\" decoding=\"async\" class=\"alignnone size-full wp-image-945 colorbox-926\" title=\"_MG_3093\" src=\"https:\/\/www.javierfalco.com\/blog\/wp-content\/uploads\/2009\/10\/MG_3093.jpg\" alt=\"_MG_3093\" width=\"560\" height=\"373\" srcset=\"https:\/\/www.javierfalco.com\/blog\/wp-content\/uploads\/2009\/10\/MG_3093.jpg 800w, https:\/\/www.javierfalco.com\/blog\/wp-content\/uploads\/2009\/10\/MG_3093-300x199.jpg 300w\" sizes=\"auto, (max-width: 560px) 100vw, 560px\" \/><\/div>\n<div>\n<p>En la d\u00e9cada de los 80, cuatro \u00e9ramos los colgados que abog\u00e1bamos por la conservaci\u00f3n de la naturaleza, pero es bien sabido que aquello que no se conoce dif\u00edcilmente se puede defender y en ese sentido cuanto m\u00e1s gente lo conozca y lo disfrute (aunque sea a su manera) mejor. Eso conlleva que cada uno de nosotros tiene el mismo derecho a disfrutar de ese medio natural, pero cuando ese medio se satura puede llegar a perder su encanto. Espero que a la monta\u00f1a no le pase dentro de unos a\u00f1os, lo que le ha sucedido a la costa. Menos mal que nos queda la luz&#8230;<\/p>\n<\/div>\n","protected":false},"excerpt":{"rendered":"<p>Uno de los principales motivos por el cual me compr\u00e9 mi primera c\u00e1mara r\u00e9flex, fue mi primera visita a los Pirineos. En esa primera visita al valle de Ordesa, creo que fui embrujado por esa luz tan especial que se &hellip; <a href=\"https:\/\/www.javierfalco.com\/blog\/el-valle-de-bujaruelo-menos-mal-que-nos-queda-la-luz\/\">Sigue leyendo <span class=\"meta-nav\">&rarr;<\/span><\/a><\/p>\n","protected":false},"author":4,"featured_media":0,"comment_status":"open","ping_status":"open","sticky":false,"template":"","format":"standard","meta":{"footnotes":""},"categories":[24,1,179,25],"tags":[101,98,99,97,100],"class_list":["post-926","post","type-post","status-publish","format-standard","hentry","category-camaras-y-objetivos","category-general","category-naturaleza","category-viajes","tag-andel-admas","tag-bujaruelo","tag-ordesa","tag-pirineos","tag-praktica-bc1"],"_links":{"self":[{"href":"https:\/\/www.javierfalco.com\/blog\/wp-json\/wp\/v2\/posts\/926","targetHints":{"allow":["GET"]}}],"collection":[{"href":"https:\/\/www.javierfalco.com\/blog\/wp-json\/wp\/v2\/posts"}],"about":[{"href":"https:\/\/www.javierfalco.com\/blog\/wp-json\/wp\/v2\/types\/post"}],"author":[{"embeddable":true,"href":"https:\/\/www.javierfalco.com\/blog\/wp-json\/wp\/v2\/users\/4"}],"replies":[{"embeddable":true,"href":"https:\/\/www.javierfalco.com\/blog\/wp-json\/wp\/v2\/comments?post=926"}],"version-history":[{"count":34,"href":"https:\/\/www.javierfalco.com\/blog\/wp-json\/wp\/v2\/posts\/926\/revisions"}],"predecessor-version":[{"id":963,"href":"https:\/\/www.javierfalco.com\/blog\/wp-json\/wp\/v2\/posts\/926\/revisions\/963"}],"wp:attachment":[{"href":"https:\/\/www.javierfalco.com\/blog\/wp-json\/wp\/v2\/media?parent=926"}],"wp:term":[{"taxonomy":"category","embeddable":true,"href":"https:\/\/www.javierfalco.com\/blog\/wp-json\/wp\/v2\/categories?post=926"},{"taxonomy":"post_tag","embeddable":true,"href":"https:\/\/www.javierfalco.com\/blog\/wp-json\/wp\/v2\/tags?post=926"}],"curies":[{"name":"wp","href":"https:\/\/api.w.org\/{rel}","templated":true}]}}