{"id":996,"date":"2009-10-17T17:47:44","date_gmt":"2009-10-17T15:47:44","guid":{"rendered":"http:\/\/www.javierfalco.com\/blog\/?p=996"},"modified":"2009-10-17T18:35:37","modified_gmt":"2009-10-17T16:35:37","slug":"cambio-de-plantilla-en-el-fotoblog","status":"publish","type":"post","link":"https:\/\/www.javierfalco.com\/blog\/cambio-de-plantilla-en-el-fotoblog\/","title":{"rendered":"Cambio de plantilla en el Fotoblog"},"content":{"rendered":"<p>Despu\u00e9s de un peque\u00f1o percance en el <a href=\"http:\/\/www.javierfalco.com\/fotoblog\">fotoblog<\/a>, ya lo vuelvo a tener estable. El jueves por la tarde me decid\u00ed con un poco de temor a actualizar la versi\u00f3n de <a href=\"http:\/\/www.pixelpost.org\/\">pixelpost<\/a> a la 1.7.3 y aunque hice una copia de seguridad (incluida la base de datos), no fue garant\u00eda de continuidad. Cuando arranque de nuevo el fotoblog no me visualizaba bien ni la plantilla, ni las im\u00e1genes. Yo usaba la plantilla <a href=\"http:\/\/www.pixelpost.org\/extend\/templates\/dark-matter\/\">Dark Matter<\/a> bastante modificada y he preferido no perder tiempo averiguando donde estaba el fallo. Como no hay mal que por bien no venga, esto me ha servido para cambiar el aspecto del fotoblog, despu\u00e9s de casi a\u00f1o y medio con el mismo dise\u00f1o. La verdad es que me ha costado mucho decidir que <a href=\"http:\/\/www.pixelpost.org\/extend\/templates\/\">plantilla<\/a> era la m\u00e1s adecuada para mis necesidades, pero al final no he tenido elecci\u00f3n (todas adolec\u00edan de algo) y me he quedado con la <a href=\"http:\/\/www.pixelpost.org\/extend\/templates\/simplicious\/\">Simplicious<\/a>, que adem\u00e1s ha sido muy f\u00e1cil y r\u00e1pido instalarla. Lo importante es que sea est\u00e9ticamente razonable, completa y que no d\u00e9 quebraderos de cabeza. En fin, quiz\u00e1s algunos de vosotros habr\u00e9is notado fallos espor\u00e1dicos en el acceso y visto varias plantillas que puse de manera provisional, pero ya puedo decir que lo tengo listo. Disculpar las molestias.<\/p>\n<p><a href=\"http:\/\/www.javierfalco.com\/fotoblog\/\"><img loading=\"lazy\" decoding=\"async\" class=\"alignnone size-full wp-image-998 colorbox-996\" title=\"Imagen 1\" src=\"https:\/\/www.javierfalco.com\/blog\/wp-content\/uploads\/2009\/10\/Imagen-1.png\" alt=\"Imagen 1\" width=\"550\" height=\"486\" srcset=\"https:\/\/www.javierfalco.com\/blog\/wp-content\/uploads\/2009\/10\/Imagen-1.png 550w, https:\/\/www.javierfalco.com\/blog\/wp-content\/uploads\/2009\/10\/Imagen-1-300x265.png 300w\" sizes=\"auto, (max-width: 550px) 100vw, 550px\" \/><\/a><\/p>\n","protected":false},"excerpt":{"rendered":"<p>Despu\u00e9s de un peque\u00f1o percance en el fotoblog, ya lo vuelvo a tener estable. El jueves por la tarde me decid\u00ed con un poco de temor a actualizar la versi\u00f3n de pixelpost a la 1.7.3 y aunque hice una copia &hellip; <a href=\"https:\/\/www.javierfalco.com\/blog\/cambio-de-plantilla-en-el-fotoblog\/\">Sigue leyendo <span class=\"meta-nav\">&rarr;<\/span><\/a><\/p>\n","protected":false},"author":4,"featured_media":0,"comment_status":"open","ping_status":"open","sticky":false,"template":"","format":"standard","meta":{"footnotes":""},"categories":[6,1],"tags":[26,11,103],"class_list":["post-996","post","type-post","status-publish","format-standard","hentry","category-fotografias-en-la-red","category-general","tag-fotoblog","tag-pixelpost","tag-plantilla"],"_links":{"self":[{"href":"https:\/\/www.javierfalco.com\/blog\/wp-json\/wp\/v2\/posts\/996","targetHints":{"allow":["GET"]}}],"collection":[{"href":"https:\/\/www.javierfalco.com\/blog\/wp-json\/wp\/v2\/posts"}],"about":[{"href":"https:\/\/www.javierfalco.com\/blog\/wp-json\/wp\/v2\/types\/post"}],"author":[{"embeddable":true,"href":"https:\/\/www.javierfalco.com\/blog\/wp-json\/wp\/v2\/users\/4"}],"replies":[{"embeddable":true,"href":"https:\/\/www.javierfalco.com\/blog\/wp-json\/wp\/v2\/comments?post=996"}],"version-history":[{"count":11,"href":"https:\/\/www.javierfalco.com\/blog\/wp-json\/wp\/v2\/posts\/996\/revisions"}],"predecessor-version":[{"id":1008,"href":"https:\/\/www.javierfalco.com\/blog\/wp-json\/wp\/v2\/posts\/996\/revisions\/1008"}],"wp:attachment":[{"href":"https:\/\/www.javierfalco.com\/blog\/wp-json\/wp\/v2\/media?parent=996"}],"wp:term":[{"taxonomy":"category","embeddable":true,"href":"https:\/\/www.javierfalco.com\/blog\/wp-json\/wp\/v2\/categories?post=996"},{"taxonomy":"post_tag","embeddable":true,"href":"https:\/\/www.javierfalco.com\/blog\/wp-json\/wp\/v2\/tags?post=996"}],"curies":[{"name":"wp","href":"https:\/\/api.w.org\/{rel}","templated":true}]}}